{"id":718,"date":"2019-03-23T18:24:36","date_gmt":"2019-03-23T17:24:36","guid":{"rendered":"http:\/\/jardin-kreol.com\/?p=718"},"modified":"2022-09-14T12:59:47","modified_gmt":"2022-09-14T10:59:47","slug":"les-incontournables-dans-lest-de-la-reunion","status":"publish","type":"post","link":"https:\/\/jardin-kreol.com\/index.php\/2019\/03\/23\/les-incontournables-dans-lest-de-la-reunion\/","title":{"rendered":"Les incontournables dans l&rsquo;est de la R\u00e9union"},"content":{"rendered":"\n<p><\/p>\n\n\n\n<p><font style=\"vertical-align: inherit;\"><font style=\"vertical-align: inherit;\"><font style=\"vertical-align: inherit;\"><font style=\"vertical-align: inherit;\"><font style=\"vertical-align: inherit;\"><font style=\"vertical-align: inherit;\"><font style=\"vertical-align: inherit;\"><font style=\"vertical-align: inherit;\"><font style=\"vertical-align: inherit;\"><font style=\"vertical-align: inherit;\"><font style=\"vertical-align: inherit;\"><font style=\"vertical-align: inherit;\"><font style=\"vertical-align: inherit;\"><font style=\"vertical-align: inherit;\"><font style=\"vertical-align: inherit;\"><font style=\"vertical-align: inherit;\"><font style=\"vertical-align: inherit;\"><font style=\"vertical-align: inherit;\"><font style=\"vertical-align: inherit;\"><font style=\"vertical-align: inherit;\"><font style=\"vertical-align: inherit;\"><font style=\"vertical-align: inherit;\"><font style=\"vertical-align: inherit;\"><font style=\"vertical-align: inherit;\"><font style=\"vertical-align: inherit;\"><font style=\"vertical-align: inherit;\"><font style=\"vertical-align: inherit;\"><font style=\"vertical-align: inherit;\"><font style=\"vertical-align: inherit;\"><font style=\"vertical-align: inherit;\"><font style=\"vertical-align: inherit;\"><font style=\"vertical-align: inherit;\"><font style=\"vertical-align: inherit;\"><font style=\"vertical-align: inherit;\"><font style=\"vertical-align: inherit;\"><font style=\"vertical-align: inherit;\"><font style=\"vertical-align: inherit;\"><font style=\"vertical-align: inherit;\"><font style=\"vertical-align: inherit;\"><font style=\"vertical-align: inherit;\"><font style=\"vertical-align: inherit;\"><font style=\"vertical-align: inherit;\"><font style=\"vertical-align: inherit;\"><font style=\"vertical-align: inherit;\"><font style=\"vertical-align: inherit;\"><font style=\"vertical-align: inherit;\"><font style=\"vertical-align: inherit;\"><font style=\"vertical-align: inherit;\"><font style=\"vertical-align: inherit;\"><font style=\"vertical-align: inherit;\"><font style=\"vertical-align: inherit;\"><font style=\"vertical-align: inherit;\"><font style=\"vertical-align: inherit;\"><font style=\"vertical-align: inherit;\"><font style=\"vertical-align: inherit;\"><font style=\"vertical-align: inherit;\"><font style=\"vertical-align: inherit;\"><font style=\"vertical-align: inherit;\"><font style=\"vertical-align: inherit;\"><font style=\"vertical-align: inherit;\"><font style=\"vertical-align: inherit;\"><font style=\"vertical-align: inherit;\"><font style=\"vertical-align: inherit;\"><font style=\"vertical-align: inherit;\"><font style=\"vertical-align: inherit;\"><font style=\"vertical-align: inherit;\"><font style=\"vertical-align: inherit;\"><font style=\"vertical-align: inherit;\"><font style=\"vertical-align: inherit;\"><font style=\"vertical-align: inherit;\"><font style=\"vertical-align: inherit;\"><font style=\"vertical-align: inherit;\"><font style=\"vertical-align: inherit;\"><font style=\"vertical-align: inherit;\"><font style=\"vertical-align: inherit;\"><font style=\"vertical-align: inherit;\"><font style=\"vertical-align: inherit;\"><font style=\"vertical-align: inherit;\"><font style=\"vertical-align: inherit;\"><font style=\"vertical-align: inherit;\"><font style=\"vertical-align: inherit;\"><font style=\"vertical-align: inherit;\">Comme vous savez la R\u00e9union d\u00e9borde de lieux d&rsquo;exception du nord au sud, d&rsquo;est en ouest. En effet ,  en faisant le tour de l&rsquo;\u00eele la liste d&rsquo;endroits \u00e0 visiter est infinie.  <\/font><\/font><\/font><\/font><\/font><\/font><\/font><\/font><\/font><\/font><\/font><\/font><\/font><\/font><\/font><\/font><\/font><\/font><\/font><\/font><\/font><\/font><\/font><\/font><\/font><\/font><\/font><\/font><\/font><\/font><\/font><\/font><\/font><\/font><\/font><\/font><\/font><\/font><\/font><\/font><\/font><\/font><\/font><\/font><\/font><\/font><\/font><\/font><\/font><\/font><\/font><\/font><\/font><\/font><\/font><\/font><\/font><\/font><\/font><\/font><\/font><\/font><\/font><\/font><\/font><\/font><\/font><\/font><\/font><\/font><\/font><\/font><\/font><\/font><\/font><\/font><\/font><\/font><\/font><\/font><\/font><\/font><\/p>\n\n\n\n<p><font style=\"vertical-align: inherit;\"><font style=\"vertical-align: inherit;\">Allez c&rsquo;est parti pour un d\u00e9cor de carte postale : la c\u00f4te est ( la c\u00f4te au vent ).<\/font><\/font><\/p>\n\n\n\n<p><font style=\"vertical-align: inherit;\"><font style=\"vertical-align: inherit;\">Les incontournables \u00e0 voir absolument. <font style=\"vertical-align: inherit;\"><font style=\"vertical-align: inherit;\"><\/font><\/font><\/font><\/font><\/p>\n\n\n\n<figure class=\"wp-block-image\"><img decoding=\"async\" loading=\"lazy\" width=\"1024\" height=\"768\" src=\"https:\/\/jardin-kreol.com\/wp-content\/uploads\/2019\/03\/vacances-reunion-mars-2012-102-1024x768.jpg\" alt=\"\" class=\"wp-image-719\" srcset=\"https:\/\/jardin-kreol.com\/wp-content\/uploads\/2019\/03\/vacances-reunion-mars-2012-102-1024x768.jpg 1024w, https:\/\/jardin-kreol.com\/wp-content\/uploads\/2019\/03\/vacances-reunion-mars-2012-102-300x225.jpg 300w, https:\/\/jardin-kreol.com\/wp-content\/uploads\/2019\/03\/vacances-reunion-mars-2012-102-768x576.jpg 768w, https:\/\/jardin-kreol.com\/wp-content\/uploads\/2019\/03\/vacances-reunion-mars-2012-102.jpg 2048w\" sizes=\"(max-width: 767px) 89vw, (max-width: 1000px) 54vw, (max-width: 1071px) 543px, 580px\" \/><figcaption><font style=\"vertical-align: inherit;\"><font style=\"vertical-align: inherit;\">Le phare de Ste Suzanne<\/font><\/font><\/figcaption><\/figure>\n\n\n\n<p><font style=\"vertical-align: inherit;\"><font style=\"vertical-align: inherit;\">Le phare de Bel air \u00e0 Sainte Suzanne : Patrimoine de la R\u00e9union ,par ailleurs class\u00e9 aux monuments historiques. <\/font><\/font><\/p>\n\n\n\n<figure class=\"wp-block-image\"><img decoding=\"async\" loading=\"lazy\" width=\"1024\" height=\"768\" src=\"https:\/\/jardin-kreol.com\/wp-content\/uploads\/2019\/03\/vacances-reunion-mars-2012-075-1024x768.jpg\" alt=\"\" class=\"wp-image-723\" srcset=\"https:\/\/jardin-kreol.com\/wp-content\/uploads\/2019\/03\/vacances-reunion-mars-2012-075-1024x768.jpg 1024w, https:\/\/jardin-kreol.com\/wp-content\/uploads\/2019\/03\/vacances-reunion-mars-2012-075-300x225.jpg 300w, https:\/\/jardin-kreol.com\/wp-content\/uploads\/2019\/03\/vacances-reunion-mars-2012-075-768x576.jpg 768w, https:\/\/jardin-kreol.com\/wp-content\/uploads\/2019\/03\/vacances-reunion-mars-2012-075.jpg 2048w\" sizes=\"(max-width: 767px) 89vw, (max-width: 1000px) 54vw, (max-width: 1071px) 543px, 580px\" \/><figcaption><font style=\"vertical-align: inherit;\"><font style=\"vertical-align: inherit;\">Le bocage<\/font><\/font><\/figcaption><\/figure>\n\n\n\n<p><font style=\"vertical-align: inherit;\"><font style=\"vertical-align: inherit;\">Le bocage \u00e9galement \u00e0 Ste Suzanne. En outre tr\u00e8s pris\u00e9 pour faire un bon pique-nique. <\/font><\/font><\/p>\n\n\n\n<figure class=\"wp-block-image\"><img decoding=\"async\" loading=\"lazy\" width=\"1024\" height=\"576\" src=\"https:\/\/jardin-kreol.com\/wp-content\/uploads\/2019\/03\/47274989_2311902092371071_8827689284128473088_n-1-1024x576.jpg\" alt=\"\" class=\"wp-image-727\" srcset=\"https:\/\/jardin-kreol.com\/wp-content\/uploads\/2019\/03\/47274989_2311902092371071_8827689284128473088_n-1-1024x576.jpg 1024w, https:\/\/jardin-kreol.com\/wp-content\/uploads\/2019\/03\/47274989_2311902092371071_8827689284128473088_n-1-300x169.jpg 300w, https:\/\/jardin-kreol.com\/wp-content\/uploads\/2019\/03\/47274989_2311902092371071_8827689284128473088_n-1-768x432.jpg 768w, https:\/\/jardin-kreol.com\/wp-content\/uploads\/2019\/03\/47274989_2311902092371071_8827689284128473088_n-1.jpg 1920w\" sizes=\"(max-width: 767px) 89vw, (max-width: 1000px) 54vw, (max-width: 1071px) 543px, 580px\" \/><figcaption><font style=\"vertical-align: inherit;\"><font style=\"vertical-align: inherit;\">cascade du chien<\/font><\/font><br><br><\/figcaption><\/figure>\n\n\n\n<p><font style=\"vertical-align: inherit;\"><font style=\"vertical-align: inherit;\">La cascade du chien spectaculaire \u00e0 Bras- Panon.  <\/font><\/font><\/p>\n\n\n\n<figure class=\"wp-block-image is-resized\"><img decoding=\"async\" loading=\"lazy\" src=\"https:\/\/jardin-kreol.com\/wp-content\/uploads\/2019\/03\/52601832_375315366382551_636704008001552384_n-1.jpg\" alt=\"\" class=\"wp-image-728\" width=\"540\" height=\"960\" srcset=\"https:\/\/jardin-kreol.com\/wp-content\/uploads\/2019\/03\/52601832_375315366382551_636704008001552384_n-1.jpg 540w, https:\/\/jardin-kreol.com\/wp-content\/uploads\/2019\/03\/52601832_375315366382551_636704008001552384_n-1-169x300.jpg 169w\" sizes=\"(max-width: 540px) 100vw, 540px\" \/><\/figure>\n\n\n\n<figure class=\"wp-block-image\"><img decoding=\"async\" loading=\"lazy\" width=\"540\" height=\"960\" src=\"https:\/\/jardin-kreol.com\/wp-content\/uploads\/2019\/03\/52595412_658764801193388_823557088495009792_n-1.jpg\" alt=\"\" class=\"wp-image-729\" srcset=\"https:\/\/jardin-kreol.com\/wp-content\/uploads\/2019\/03\/52595412_658764801193388_823557088495009792_n-1.jpg 540w, https:\/\/jardin-kreol.com\/wp-content\/uploads\/2019\/03\/52595412_658764801193388_823557088495009792_n-1-169x300.jpg 169w\" sizes=\"(max-width: 540px) 100vw, 540px\" \/><\/figure>\n\n\n\n<p><font style=\"vertical-align: inherit;\"><font style=\"vertical-align: inherit;\">La for\u00eat du Lib\u00e9ria situ\u00e9e dans les hauts de bras-Panon. <\/font><\/font><font style=\"vertical-align: inherit;\"><font style=\"vertical-align: inherit;\"> <\/font><\/font><\/p>\n\n\n\n<figure class=\"wp-block-image\"><img decoding=\"async\" loading=\"lazy\" width=\"1024\" height=\"768\" src=\"https:\/\/jardin-kreol.com\/wp-content\/uploads\/2019\/03\/SAM_4792-1024x768.jpg\" alt=\"\" class=\"wp-image-740\" srcset=\"https:\/\/jardin-kreol.com\/wp-content\/uploads\/2019\/03\/SAM_4792-1024x768.jpg 1024w, https:\/\/jardin-kreol.com\/wp-content\/uploads\/2019\/03\/SAM_4792-300x225.jpg 300w, https:\/\/jardin-kreol.com\/wp-content\/uploads\/2019\/03\/SAM_4792-768x576.jpg 768w\" sizes=\"(max-width: 767px) 89vw, (max-width: 1000px) 54vw, (max-width: 1071px) 543px, 580px\" \/><figcaption><font style=\"vertical-align: inherit;\"><font style=\"vertical-align: inherit;\"><font style=\"vertical-align: inherit;\"><font style=\"vertical-align: inherit;\"><font style=\"vertical-align: inherit;\"><font style=\"vertical-align: inherit;\">\u00e9glise de Ste Anne <\/font><\/font><\/font><\/font><\/font><\/font><\/figcaption><\/figure>\n\n\n\n<p><font style=\"vertical-align: inherit;\"><font style=\"vertical-align: inherit;\">La perle au milieu de cet \u00e9crin la majestueuse \u00e9glise de Ste Anne sur la commune St Benoit. Un chef d&rsquo;oeuvre au charme de la R\u00e9union.  <\/font><\/font><\/p>\n\n\n\n<figure class=\"wp-block-image\"><img decoding=\"async\" loading=\"lazy\" width=\"1024\" height=\"768\" src=\"https:\/\/jardin-kreol.com\/wp-content\/uploads\/2019\/03\/SAM_4749-1024x768.jpg\" alt=\"\" class=\"wp-image-724\" srcset=\"https:\/\/jardin-kreol.com\/wp-content\/uploads\/2019\/03\/SAM_4749-1024x768.jpg 1024w, https:\/\/jardin-kreol.com\/wp-content\/uploads\/2019\/03\/SAM_4749-300x225.jpg 300w, https:\/\/jardin-kreol.com\/wp-content\/uploads\/2019\/03\/SAM_4749-768x576.jpg 768w\" sizes=\"(max-width: 767px) 89vw, (max-width: 1000px) 54vw, (max-width: 1071px) 543px, 580px\" \/><figcaption><font style=\"vertical-align: inherit;\"><font style=\"vertical-align: inherit;\">Le pont de la Rivi\u00e8re de l&rsquo;est <\/font><\/font><\/figcaption><\/figure>\n\n\n\n<p><font style=\"vertical-align: inherit;\"><font style=\"vertical-align: inherit;\">Sur la route RN2 ( entre Saint Benoit et Ste Rose ): Le pont de la rivi\u00e8re de l&rsquo;est.  Ce pont suspendu est class\u00e9 monument historique .Par contre interdit \u00e0  la circulation de m\u00eame aux pi\u00e9tons.  Dans l&rsquo;ensemble il vaut bien une petite halte pour l&rsquo;admirer. <\/font><\/font><\/p>\n\n\n\n<figure class=\"wp-block-image\"><img decoding=\"async\" loading=\"lazy\" width=\"1024\" height=\"768\" src=\"https:\/\/jardin-kreol.com\/wp-content\/uploads\/2019\/03\/SAM_4743-1024x768.jpg\" alt=\"\" class=\"wp-image-726\" srcset=\"https:\/\/jardin-kreol.com\/wp-content\/uploads\/2019\/03\/SAM_4743-1024x768.jpg 1024w, https:\/\/jardin-kreol.com\/wp-content\/uploads\/2019\/03\/SAM_4743-300x225.jpg 300w, https:\/\/jardin-kreol.com\/wp-content\/uploads\/2019\/03\/SAM_4743-768x576.jpg 768w\" sizes=\"(max-width: 767px) 89vw, (max-width: 1000px) 54vw, (max-width: 1071px) 543px, 580px\" \/><figcaption><font style=\"vertical-align: inherit;\"><font style=\"vertical-align: inherit;\">Une pause avant de continuer notre escapade sous un magnifique kiosque en face du pont de la rivi\u00e8re de l&rsquo;est.<\/font><\/font><\/figcaption><\/figure>\n\n\n\n<figure class=\"wp-block-image\"><img decoding=\"async\" loading=\"lazy\" width=\"1024\" height=\"768\" src=\"https:\/\/jardin-kreol.com\/wp-content\/uploads\/2019\/03\/SAM_4763-1024x768.jpg\" alt=\"\" class=\"wp-image-747\" srcset=\"https:\/\/jardin-kreol.com\/wp-content\/uploads\/2019\/03\/SAM_4763-1024x768.jpg 1024w, https:\/\/jardin-kreol.com\/wp-content\/uploads\/2019\/03\/SAM_4763-300x225.jpg 300w, https:\/\/jardin-kreol.com\/wp-content\/uploads\/2019\/03\/SAM_4763-768x576.jpg 768w\" sizes=\"(max-width: 767px) 89vw, (max-width: 1000px) 54vw, (max-width: 1071px) 543px, 580px\" \/><figcaption>La Route des laves: un paysage volcanique <\/figcaption><\/figure>\n\n\n\n<figure class=\"wp-block-image\"><img decoding=\"async\" loading=\"lazy\" width=\"1024\" height=\"768\" src=\"https:\/\/jardin-kreol.com\/wp-content\/uploads\/2019\/03\/SAM_4761-1024x768.jpg\" alt=\"\" class=\"wp-image-731\" srcset=\"https:\/\/jardin-kreol.com\/wp-content\/uploads\/2019\/03\/SAM_4761-1024x768.jpg 1024w, https:\/\/jardin-kreol.com\/wp-content\/uploads\/2019\/03\/SAM_4761-300x225.jpg 300w, https:\/\/jardin-kreol.com\/wp-content\/uploads\/2019\/03\/SAM_4761-768x576.jpg 768w\" sizes=\"(max-width: 767px) 89vw, (max-width: 1000px) 54vw, (max-width: 1071px) 543px, 580px\" \/><figcaption><font style=\"vertical-align: inherit;\"><font style=\"vertical-align: inherit;\">Point de vue de la route  d&rsquo;anciennes coul\u00e9es de laves<\/font><\/font><\/figcaption><\/figure>\n\n\n\n<p><font style=\"vertical-align: inherit;\"><font style=\"vertical-align: inherit;\">Sur le chemin des laves ( qui relie Ste Rose \u00e0 St Philippe ). Un endroit totalement hors du temps impr\u00e9gn\u00e9 notamment par les diverses coul\u00e9es ( du  volcan  le Piton de la Fournaise ).  <\/font><\/font><\/p>\n\n\n\n<figure class=\"wp-block-image\"><img decoding=\"async\" loading=\"lazy\" width=\"1024\" height=\"768\" src=\"https:\/\/jardin-kreol.com\/wp-content\/uploads\/2019\/03\/SAM_4759-1024x768.jpg\" alt=\"\" class=\"wp-image-733\" srcset=\"https:\/\/jardin-kreol.com\/wp-content\/uploads\/2019\/03\/SAM_4759-1024x768.jpg 1024w, https:\/\/jardin-kreol.com\/wp-content\/uploads\/2019\/03\/SAM_4759-300x225.jpg 300w, https:\/\/jardin-kreol.com\/wp-content\/uploads\/2019\/03\/SAM_4759-768x576.jpg 768w\" sizes=\"(max-width: 767px) 89vw, (max-width: 1000px) 54vw, (max-width: 1071px) 543px, 580px\" \/><figcaption>les anciennes coul\u00e9es de laves vers la mer<\/figcaption><\/figure>\n\n\n\n<p><font style=\"vertical-align: inherit;\"><font style=\"vertical-align: inherit;\">Non seulement vous ne pouvez pas traverser  Ste Rose sans faire un tour \u00e0 Notre Dame des laves \u00e0 piton Ste Rose.\u00a0\u00bb L&rsquo;\u00e9glise miracul\u00e9e\u00a0\u00bb. En effet, l&rsquo;\u00e9ruption de 1977 d\u00e9vastatrice l&rsquo;\u00e9pargna. <\/font><\/font><\/p>\n\n\n\n<figure class=\"wp-block-embed is-type-video is-provider-youtube wp-block-embed-youtube wp-embed-aspect-16-9 wp-has-aspect-ratio\"><div class=\"wp-block-embed__wrapper\">\n<iframe loading=\"lazy\" width=\"525\" height=\"295\" src=\"https:\/\/www.youtube.com\/embed\/5kPE-ONq-j0?feature=oembed\" frameborder=\"0\" allow=\"accelerometer; autoplay; encrypted-media; gyroscope; picture-in-picture\" allowfullscreen><\/iframe>\n<\/div><figcaption><font style=\"vertical-align: inherit;\"><font style=\"vertical-align: inherit;\">Une vid\u00e9o pour d\u00e9couvrir cette majestueuse \u00e9glise Notre Dame des laves.<\/font><\/font><\/figcaption><\/figure>\n\n\n\n<p> La c\u00f4te  au vent : une aventure grandeur nature avec d&rsquo;autres sites prodigieux \u00e0 ne pas manquer aussi, par exemple l&rsquo;anse des cascades, le puits des Anglais &#8230;.<\/p>\n\n\n\n<p>Cette fameuse route mythique des laves nous conduit jusqu&rsquo;\u00e0 St Philippe .Et la vous aurez plein la vue je vous assure .. <\/p>\n\n\n\n<figure class=\"wp-block-image\"><img decoding=\"async\" loading=\"lazy\" width=\"1024\" height=\"768\" src=\"https:\/\/jardin-kreol.com\/wp-content\/uploads\/2019\/03\/50334258_2259493597648495_3059142752097796096_n-1-1024x768.jpg\" alt=\"\" class=\"wp-image-743\" srcset=\"https:\/\/jardin-kreol.com\/wp-content\/uploads\/2019\/03\/50334258_2259493597648495_3059142752097796096_n-1-1024x768.jpg 1024w, https:\/\/jardin-kreol.com\/wp-content\/uploads\/2019\/03\/50334258_2259493597648495_3059142752097796096_n-1-300x225.jpg 300w, https:\/\/jardin-kreol.com\/wp-content\/uploads\/2019\/03\/50334258_2259493597648495_3059142752097796096_n-1-768x576.jpg 768w\" sizes=\"(max-width: 767px) 89vw, (max-width: 1000px) 54vw, (max-width: 1071px) 543px, 580px\" \/><figcaption>Un panorama magnifique . Moi je craque . <\/figcaption><\/figure>\n\n\n\n<figure class=\"wp-block-image\"><img decoding=\"async\" loading=\"lazy\" width=\"1024\" height=\"768\" src=\"https:\/\/jardin-kreol.com\/wp-content\/uploads\/2019\/03\/SAM_4782-1024x768.jpg\" alt=\"\" class=\"wp-image-744\" srcset=\"https:\/\/jardin-kreol.com\/wp-content\/uploads\/2019\/03\/SAM_4782-1024x768.jpg 1024w, https:\/\/jardin-kreol.com\/wp-content\/uploads\/2019\/03\/SAM_4782-300x225.jpg 300w, https:\/\/jardin-kreol.com\/wp-content\/uploads\/2019\/03\/SAM_4782-768x576.jpg 768w\" sizes=\"(max-width: 767px) 89vw, (max-width: 1000px) 54vw, (max-width: 1071px) 543px, 580px\" \/><figcaption>un coin tranquille avec juste le murmure des vagues .<\/figcaption><\/figure>\n\n\n\n<figure class=\"wp-block-image\"><img decoding=\"async\" loading=\"lazy\" width=\"1024\" height=\"768\" src=\"https:\/\/jardin-kreol.com\/wp-content\/uploads\/2019\/03\/SAM_4783-1024x768.jpg\" alt=\"\" class=\"wp-image-745\" srcset=\"https:\/\/jardin-kreol.com\/wp-content\/uploads\/2019\/03\/SAM_4783-1024x768.jpg 1024w, https:\/\/jardin-kreol.com\/wp-content\/uploads\/2019\/03\/SAM_4783-300x225.jpg 300w, https:\/\/jardin-kreol.com\/wp-content\/uploads\/2019\/03\/SAM_4783-768x576.jpg 768w\" sizes=\"(max-width: 767px) 89vw, (max-width: 1000px) 54vw, (max-width: 1071px) 543px, 580px\" \/><figcaption>une pause photo \u00e0 St Philippe. <\/figcaption><\/figure>\n\n\n\n<figure class=\"wp-block-image\"><img decoding=\"async\" loading=\"lazy\" width=\"1024\" height=\"768\" src=\"https:\/\/jardin-kreol.com\/wp-content\/uploads\/2019\/03\/SAM_4790-1024x768.jpg\" alt=\"\" class=\"wp-image-748\" srcset=\"https:\/\/jardin-kreol.com\/wp-content\/uploads\/2019\/03\/SAM_4790-1024x768.jpg 1024w, https:\/\/jardin-kreol.com\/wp-content\/uploads\/2019\/03\/SAM_4790-300x225.jpg 300w, https:\/\/jardin-kreol.com\/wp-content\/uploads\/2019\/03\/SAM_4790-768x576.jpg 768w\" sizes=\"(max-width: 767px) 89vw, (max-width: 1000px) 54vw, (max-width: 1071px) 543px, 580px\" \/><\/figure>\n\n\n\n<figure class=\"wp-block-image\"><img decoding=\"async\" loading=\"lazy\" width=\"1024\" height=\"768\" src=\"https:\/\/jardin-kreol.com\/wp-content\/uploads\/2019\/03\/SAM_4778-1024x768.jpg\" alt=\"\" class=\"wp-image-749\" srcset=\"https:\/\/jardin-kreol.com\/wp-content\/uploads\/2019\/03\/SAM_4778-1024x768.jpg 1024w, https:\/\/jardin-kreol.com\/wp-content\/uploads\/2019\/03\/SAM_4778-300x225.jpg 300w, https:\/\/jardin-kreol.com\/wp-content\/uploads\/2019\/03\/SAM_4778-768x576.jpg 768w\" sizes=\"(max-width: 767px) 89vw, (max-width: 1000px) 54vw, (max-width: 1071px) 543px, 580px\" \/><figcaption>le vacoa : le coeur du vacoa   se consomme , se d\u00e9cline donc dans des  recettes diverses.<\/figcaption><\/figure>\n\n\n\n<p>En d\u00e9finitif , pour faire une balade ou une randonn\u00e9e vous aurez l&#8217;embarras du choix. Car l&rsquo;est est riche par sa nature et ses nombreux sites incontournables.  <\/p>\n<div class='watch-action'><div class='watch-position align-left'><div class='action-like'><a class='lbg-style1 like-718 jlk' href='javascript:void(0)' data-task='like' data-post_id='718' data-nonce='48a6306367' rel='nofollow'><img class='wti-pixel' src='https:\/\/jardin-kreol.com\/wp-content\/plugins\/wti-like-post\/images\/pixel.gif' title='comme' \/><span class='lc-718 lc'>+10<\/span><\/a><\/div><div class='action-unlike'><a class='unlbg-style1 unlike-718 jlk' href='javascript:void(0)' data-task='unlike' data-post_id='718' data-nonce='48a6306367' rel='nofollow'><img class='wti-pixel' src='https:\/\/jardin-kreol.com\/wp-content\/plugins\/wti-like-post\/images\/pixel.gif' title='contrairement \u00e0' \/><span class='unlc-718 unlc'>0<\/span><\/a><\/div> <\/div> <div class='status-718 status align-left'><\/div><\/div><div class='wti-clear'><\/div>","protected":false},"excerpt":{"rendered":"<p>Comme vous savez la R\u00e9union d\u00e9borde de lieux d&rsquo;exception du nord au sud, d&rsquo;est en ouest. En effet , en faisant le tour de l&rsquo;\u00eele la liste d&rsquo;endroits \u00e0 visiter est infinie. Allez c&rsquo;est parti pour un d\u00e9cor de carte postale : la c\u00f4te est ( la c\u00f4te au vent ). Les incontournables \u00e0 voir &hellip; <\/p>\n<p class=\"link-more\"><a href=\"https:\/\/jardin-kreol.com\/index.php\/2019\/03\/23\/les-incontournables-dans-lest-de-la-reunion\/\" class=\"more-link\">Continuer la lecture<span class=\"screen-reader-text\"> de &laquo;&nbsp;Les incontournables dans l&rsquo;est de la R\u00e9union&nbsp;&raquo;<\/span><\/a><\/p>\n","protected":false},"author":1,"featured_media":0,"comment_status":"open","ping_status":"open","sticky":false,"template":"","format":"standard","meta":{"footnotes":""},"categories":[207],"tags":[8],"yoast_head":"<!-- This site is optimized with the Yoast SEO plugin v20.3 - https:\/\/yoast.com\/wordpress\/plugins\/seo\/ -->\n<title>Les incontournables dans l&#039;est de la R\u00e9union - www.jardin-kreol.com<\/title>\n<meta name=\"description\" content=\"une invitation a d\u00e9couvrir quelques sites incontournables dans l&#039;est de l&#039;\u00eele de la R\u00e9union avec tout le charme de la cote au vent\" \/>\n<meta name=\"robots\" content=\"index, follow, max-snippet:-1, max-image-preview:large, max-video-preview:-1\" \/>\n<link rel=\"canonical\" href=\"https:\/\/jardin-kreol.com\/index.php\/2019\/03\/23\/les-incontournables-dans-lest-de-la-reunion\/\" \/>\n<meta property=\"og:locale\" content=\"fr_FR\" \/>\n<meta property=\"og:type\" content=\"article\" \/>\n<meta property=\"og:title\" content=\"Les incontournables dans l&#039;est de la R\u00e9union - www.jardin-kreol.com\" \/>\n<meta property=\"og:description\" content=\"une invitation a d\u00e9couvrir quelques sites incontournables dans l&#039;est de l&#039;\u00eele de la R\u00e9union avec tout le charme de la cote au vent\" \/>\n<meta property=\"og:url\" content=\"https:\/\/jardin-kreol.com\/index.php\/2019\/03\/23\/les-incontournables-dans-lest-de-la-reunion\/\" \/>\n<meta property=\"og:site_name\" content=\"www.jardin-kreol.com\" \/>\n<meta property=\"article:published_time\" content=\"2019-03-23T17:24:36+00:00\" \/>\n<meta property=\"article:modified_time\" content=\"2022-09-14T10:59:47+00:00\" \/>\n<meta property=\"og:image\" content=\"http:\/\/jardin-kreol.com\/wp-content\/uploads\/2019\/03\/vacances-reunion-mars-2012-102-1024x768.jpg\" \/>\n<meta name=\"author\" content=\"admin7052\" \/>\n<meta name=\"twitter:card\" content=\"summary_large_image\" \/>\n<meta name=\"twitter:label1\" content=\"\u00c9crit par\" \/>\n\t<meta name=\"twitter:data1\" content=\"admin7052\" \/>\n\t<meta name=\"twitter:label2\" content=\"Dur\u00e9e de lecture estim\u00e9e\" \/>\n\t<meta name=\"twitter:data2\" content=\"6 minutes\" \/>\n<script type=\"application\/ld+json\" class=\"yoast-schema-graph\">{\"@context\":\"https:\/\/schema.org\",\"@graph\":[{\"@type\":\"Article\",\"@id\":\"https:\/\/jardin-kreol.com\/index.php\/2019\/03\/23\/les-incontournables-dans-lest-de-la-reunion\/#article\",\"isPartOf\":{\"@id\":\"https:\/\/jardin-kreol.com\/index.php\/2019\/03\/23\/les-incontournables-dans-lest-de-la-reunion\/\"},\"author\":{\"name\":\"admin7052\",\"@id\":\"https:\/\/jardin-kreol.com\/#\/schema\/person\/486615fe8b2329cb69f4ccb2f7cc8ceb\"},\"headline\":\"Les incontournables dans l&rsquo;est de la R\u00e9union\",\"datePublished\":\"2019-03-23T17:24:36+00:00\",\"dateModified\":\"2022-09-14T10:59:47+00:00\",\"mainEntityOfPage\":{\"@id\":\"https:\/\/jardin-kreol.com\/index.php\/2019\/03\/23\/les-incontournables-dans-lest-de-la-reunion\/\"},\"wordCount\":453,\"commentCount\":0,\"publisher\":{\"@id\":\"https:\/\/jardin-kreol.com\/#organization\"},\"keywords\":[\"\u00eele de la R\u00e9union\"],\"articleSection\":[\"Vir\u00e9e p\u00e9i 974\"],\"inLanguage\":\"fr-FR\",\"potentialAction\":[{\"@type\":\"CommentAction\",\"name\":\"Comment\",\"target\":[\"https:\/\/jardin-kreol.com\/index.php\/2019\/03\/23\/les-incontournables-dans-lest-de-la-reunion\/#respond\"]}]},{\"@type\":\"WebPage\",\"@id\":\"https:\/\/jardin-kreol.com\/index.php\/2019\/03\/23\/les-incontournables-dans-lest-de-la-reunion\/\",\"url\":\"https:\/\/jardin-kreol.com\/index.php\/2019\/03\/23\/les-incontournables-dans-lest-de-la-reunion\/\",\"name\":\"Les incontournables dans l'est de la R\u00e9union - www.jardin-kreol.com\",\"isPartOf\":{\"@id\":\"https:\/\/jardin-kreol.com\/#website\"},\"datePublished\":\"2019-03-23T17:24:36+00:00\",\"dateModified\":\"2022-09-14T10:59:47+00:00\",\"description\":\"une invitation a d\u00e9couvrir quelques sites incontournables dans l'est de l'\u00eele de la R\u00e9union avec tout le charme de la cote au vent\",\"breadcrumb\":{\"@id\":\"https:\/\/jardin-kreol.com\/index.php\/2019\/03\/23\/les-incontournables-dans-lest-de-la-reunion\/#breadcrumb\"},\"inLanguage\":\"fr-FR\",\"potentialAction\":[{\"@type\":\"ReadAction\",\"target\":[\"https:\/\/jardin-kreol.com\/index.php\/2019\/03\/23\/les-incontournables-dans-lest-de-la-reunion\/\"]}]},{\"@type\":\"BreadcrumbList\",\"@id\":\"https:\/\/jardin-kreol.com\/index.php\/2019\/03\/23\/les-incontournables-dans-lest-de-la-reunion\/#breadcrumb\",\"itemListElement\":[{\"@type\":\"ListItem\",\"position\":1,\"name\":\"Accueil\",\"item\":\"https:\/\/jardin-kreol.com\/\"},{\"@type\":\"ListItem\",\"position\":2,\"name\":\"Les incontournables dans l&rsquo;est de la R\u00e9union\"}]},{\"@type\":\"WebSite\",\"@id\":\"https:\/\/jardin-kreol.com\/#website\",\"url\":\"https:\/\/jardin-kreol.com\/\",\"name\":\"www.jardin-kreol.com\",\"description\":\"\",\"publisher\":{\"@id\":\"https:\/\/jardin-kreol.com\/#organization\"},\"potentialAction\":[{\"@type\":\"SearchAction\",\"target\":{\"@type\":\"EntryPoint\",\"urlTemplate\":\"https:\/\/jardin-kreol.com\/?s={search_term_string}\"},\"query-input\":\"required name=search_term_string\"}],\"inLanguage\":\"fr-FR\"},{\"@type\":\"Organization\",\"@id\":\"https:\/\/jardin-kreol.com\/#organization\",\"name\":\"www.jardin-kreol.com\",\"url\":\"https:\/\/jardin-kreol.com\/\",\"logo\":{\"@type\":\"ImageObject\",\"inLanguage\":\"fr-FR\",\"@id\":\"https:\/\/jardin-kreol.com\/#\/schema\/logo\/image\/\",\"url\":\"https:\/\/jardin-kreol.com\/wp-content\/uploads\/2020\/07\/cropped-received_504685100322529.jpeg\",\"contentUrl\":\"https:\/\/jardin-kreol.com\/wp-content\/uploads\/2020\/07\/cropped-received_504685100322529.jpeg\",\"width\":250,\"height\":250,\"caption\":\"www.jardin-kreol.com\"},\"image\":{\"@id\":\"https:\/\/jardin-kreol.com\/#\/schema\/logo\/image\/\"}},{\"@type\":\"Person\",\"@id\":\"https:\/\/jardin-kreol.com\/#\/schema\/person\/486615fe8b2329cb69f4ccb2f7cc8ceb\",\"name\":\"admin7052\",\"image\":{\"@type\":\"ImageObject\",\"inLanguage\":\"fr-FR\",\"@id\":\"https:\/\/jardin-kreol.com\/#\/schema\/person\/image\/\",\"url\":\"https:\/\/secure.gravatar.com\/avatar\/51a9556fda92d2b25d4069b3a2460d40?s=96&d=mm&r=g\",\"contentUrl\":\"https:\/\/secure.gravatar.com\/avatar\/51a9556fda92d2b25d4069b3a2460d40?s=96&d=mm&r=g\",\"caption\":\"admin7052\"},\"url\":\"https:\/\/jardin-kreol.com\/index.php\/author\/admin7052\/\"}]}<\/script>\n<!-- \/ Yoast SEO plugin. -->","yoast_head_json":{"title":"Les incontournables dans l'est de la R\u00e9union - www.jardin-kreol.com","description":"une invitation a d\u00e9couvrir quelques sites incontournables dans l'est de l'\u00eele de la R\u00e9union avec tout le charme de la cote au vent","robots":{"index":"index","follow":"follow","max-snippet":"max-snippet:-1","max-image-preview":"max-image-preview:large","max-video-preview":"max-video-preview:-1"},"canonical":"https:\/\/jardin-kreol.com\/index.php\/2019\/03\/23\/les-incontournables-dans-lest-de-la-reunion\/","og_locale":"fr_FR","og_type":"article","og_title":"Les incontournables dans l'est de la R\u00e9union - www.jardin-kreol.com","og_description":"une invitation a d\u00e9couvrir quelques sites incontournables dans l'est de l'\u00eele de la R\u00e9union avec tout le charme de la cote au vent","og_url":"https:\/\/jardin-kreol.com\/index.php\/2019\/03\/23\/les-incontournables-dans-lest-de-la-reunion\/","og_site_name":"www.jardin-kreol.com","article_published_time":"2019-03-23T17:24:36+00:00","article_modified_time":"2022-09-14T10:59:47+00:00","og_image":[{"url":"http:\/\/jardin-kreol.com\/wp-content\/uploads\/2019\/03\/vacances-reunion-mars-2012-102-1024x768.jpg"}],"author":"admin7052","twitter_card":"summary_large_image","twitter_misc":{"\u00c9crit par":"admin7052","Dur\u00e9e de lecture estim\u00e9e":"6 minutes"},"schema":{"@context":"https:\/\/schema.org","@graph":[{"@type":"Article","@id":"https:\/\/jardin-kreol.com\/index.php\/2019\/03\/23\/les-incontournables-dans-lest-de-la-reunion\/#article","isPartOf":{"@id":"https:\/\/jardin-kreol.com\/index.php\/2019\/03\/23\/les-incontournables-dans-lest-de-la-reunion\/"},"author":{"name":"admin7052","@id":"https:\/\/jardin-kreol.com\/#\/schema\/person\/486615fe8b2329cb69f4ccb2f7cc8ceb"},"headline":"Les incontournables dans l&rsquo;est de la R\u00e9union","datePublished":"2019-03-23T17:24:36+00:00","dateModified":"2022-09-14T10:59:47+00:00","mainEntityOfPage":{"@id":"https:\/\/jardin-kreol.com\/index.php\/2019\/03\/23\/les-incontournables-dans-lest-de-la-reunion\/"},"wordCount":453,"commentCount":0,"publisher":{"@id":"https:\/\/jardin-kreol.com\/#organization"},"keywords":["\u00eele de la R\u00e9union"],"articleSection":["Vir\u00e9e p\u00e9i 974"],"inLanguage":"fr-FR","potentialAction":[{"@type":"CommentAction","name":"Comment","target":["https:\/\/jardin-kreol.com\/index.php\/2019\/03\/23\/les-incontournables-dans-lest-de-la-reunion\/#respond"]}]},{"@type":"WebPage","@id":"https:\/\/jardin-kreol.com\/index.php\/2019\/03\/23\/les-incontournables-dans-lest-de-la-reunion\/","url":"https:\/\/jardin-kreol.com\/index.php\/2019\/03\/23\/les-incontournables-dans-lest-de-la-reunion\/","name":"Les incontournables dans l'est de la R\u00e9union - www.jardin-kreol.com","isPartOf":{"@id":"https:\/\/jardin-kreol.com\/#website"},"datePublished":"2019-03-23T17:24:36+00:00","dateModified":"2022-09-14T10:59:47+00:00","description":"une invitation a d\u00e9couvrir quelques sites incontournables dans l'est de l'\u00eele de la R\u00e9union avec tout le charme de la cote au vent","breadcrumb":{"@id":"https:\/\/jardin-kreol.com\/index.php\/2019\/03\/23\/les-incontournables-dans-lest-de-la-reunion\/#breadcrumb"},"inLanguage":"fr-FR","potentialAction":[{"@type":"ReadAction","target":["https:\/\/jardin-kreol.com\/index.php\/2019\/03\/23\/les-incontournables-dans-lest-de-la-reunion\/"]}]},{"@type":"BreadcrumbList","@id":"https:\/\/jardin-kreol.com\/index.php\/2019\/03\/23\/les-incontournables-dans-lest-de-la-reunion\/#breadcrumb","itemListElement":[{"@type":"ListItem","position":1,"name":"Accueil","item":"https:\/\/jardin-kreol.com\/"},{"@type":"ListItem","position":2,"name":"Les incontournables dans l&rsquo;est de la R\u00e9union"}]},{"@type":"WebSite","@id":"https:\/\/jardin-kreol.com\/#website","url":"https:\/\/jardin-kreol.com\/","name":"www.jardin-kreol.com","description":"","publisher":{"@id":"https:\/\/jardin-kreol.com\/#organization"},"potentialAction":[{"@type":"SearchAction","target":{"@type":"EntryPoint","urlTemplate":"https:\/\/jardin-kreol.com\/?s={search_term_string}"},"query-input":"required name=search_term_string"}],"inLanguage":"fr-FR"},{"@type":"Organization","@id":"https:\/\/jardin-kreol.com\/#organization","name":"www.jardin-kreol.com","url":"https:\/\/jardin-kreol.com\/","logo":{"@type":"ImageObject","inLanguage":"fr-FR","@id":"https:\/\/jardin-kreol.com\/#\/schema\/logo\/image\/","url":"https:\/\/jardin-kreol.com\/wp-content\/uploads\/2020\/07\/cropped-received_504685100322529.jpeg","contentUrl":"https:\/\/jardin-kreol.com\/wp-content\/uploads\/2020\/07\/cropped-received_504685100322529.jpeg","width":250,"height":250,"caption":"www.jardin-kreol.com"},"image":{"@id":"https:\/\/jardin-kreol.com\/#\/schema\/logo\/image\/"}},{"@type":"Person","@id":"https:\/\/jardin-kreol.com\/#\/schema\/person\/486615fe8b2329cb69f4ccb2f7cc8ceb","name":"admin7052","image":{"@type":"ImageObject","inLanguage":"fr-FR","@id":"https:\/\/jardin-kreol.com\/#\/schema\/person\/image\/","url":"https:\/\/secure.gravatar.com\/avatar\/51a9556fda92d2b25d4069b3a2460d40?s=96&d=mm&r=g","contentUrl":"https:\/\/secure.gravatar.com\/avatar\/51a9556fda92d2b25d4069b3a2460d40?s=96&d=mm&r=g","caption":"admin7052"},"url":"https:\/\/jardin-kreol.com\/index.php\/author\/admin7052\/"}]}},"_links":{"self":[{"href":"https:\/\/jardin-kreol.com\/index.php\/wp-json\/wp\/v2\/posts\/718"}],"collection":[{"href":"https:\/\/jardin-kreol.com\/index.php\/wp-json\/wp\/v2\/posts"}],"about":[{"href":"https:\/\/jardin-kreol.com\/index.php\/wp-json\/wp\/v2\/types\/post"}],"author":[{"embeddable":true,"href":"https:\/\/jardin-kreol.com\/index.php\/wp-json\/wp\/v2\/users\/1"}],"replies":[{"embeddable":true,"href":"https:\/\/jardin-kreol.com\/index.php\/wp-json\/wp\/v2\/comments?post=718"}],"version-history":[{"count":3,"href":"https:\/\/jardin-kreol.com\/index.php\/wp-json\/wp\/v2\/posts\/718\/revisions"}],"predecessor-version":[{"id":1874,"href":"https:\/\/jardin-kreol.com\/index.php\/wp-json\/wp\/v2\/posts\/718\/revisions\/1874"}],"wp:attachment":[{"href":"https:\/\/jardin-kreol.com\/index.php\/wp-json\/wp\/v2\/media?parent=718"}],"wp:term":[{"taxonomy":"category","embeddable":true,"href":"https:\/\/jardin-kreol.com\/index.php\/wp-json\/wp\/v2\/categories?post=718"},{"taxonomy":"post_tag","embeddable":true,"href":"https:\/\/jardin-kreol.com\/index.php\/wp-json\/wp\/v2\/tags?post=718"}],"curies":[{"name":"wp","href":"https:\/\/api.w.org\/{rel}","templated":true}]}}