{"id":584,"date":"2019-02-13T17:35:41","date_gmt":"2019-02-13T16:35:41","guid":{"rendered":"http:\/\/jardin-kreol.com\/?p=584"},"modified":"2022-09-14T14:22:54","modified_gmt":"2022-09-14T12:22:54","slug":"les-fruits-ensoleille-de-mon-ile","status":"publish","type":"post","link":"https:\/\/jardin-kreol.com\/index.php\/2019\/02\/13\/les-fruits-ensoleille-de-mon-ile\/","title":{"rendered":"Les fruits ensoleill\u00e9s de mon \u00eele."},"content":{"rendered":"\n<p><font style=\"vertical-align: inherit;\"><font style=\"vertical-align: inherit;\">Une  petite escapade fruit\u00e9e.<\/font><\/font><\/p>\n\n\n\n<p><font style=\"vertical-align: inherit;\"><font style=\"vertical-align: inherit;\">Ah ! qu&rsquo;ils sont jolis les fruits de mon pays. Offrez \u00e0 votre corps des vitamines naturelles. Et laissez vous transporter par des senteurs d&rsquo;ailleurs :de la R\u00e9union.<\/font><\/font><\/p>\n\n\n\n<p><font style=\"vertical-align: inherit;\"><font style=\"vertical-align: inherit;\"> Le climat tropical propice \u00e0 une large vari\u00e9t\u00e9 d&rsquo;esp\u00e8ces. Litchis, fruits de la passion, banane, ananas,papaye : le soleil et les couleurs sont \u00e0 l&rsquo;honneur selon les saisons. De quoi r\u00e9veiller et \u00e9moustiller les papilles. Succombez aux saveurs sucr\u00e9es et parfum\u00e9es de mon \u00eele \u00e0 l&rsquo;ombre d&rsquo;un cocotier, ou les pieds dans l&rsquo;eau. N&rsquo;oubliez pas comme les l\u00e9gumes, les fruits sont b\u00e9n\u00e9fiques pour notre bien \u00eatre. Gorg\u00e9s de vitamines et bien  d&rsquo;autres nutriments. <\/font><\/font><\/p>\n\n\n\n<figure class=\"wp-block-image\"><img decoding=\"async\" loading=\"lazy\" width=\"1024\" height=\"768\" src=\"https:\/\/jardin-kreol.com\/wp-content\/uploads\/2019\/02\/SAM_4629-1024x768.jpg\" alt=\"\" class=\"wp-image-585\" srcset=\"https:\/\/jardin-kreol.com\/wp-content\/uploads\/2019\/02\/SAM_4629-1024x768.jpg 1024w, https:\/\/jardin-kreol.com\/wp-content\/uploads\/2019\/02\/SAM_4629-300x225.jpg 300w, https:\/\/jardin-kreol.com\/wp-content\/uploads\/2019\/02\/SAM_4629-768x576.jpg 768w\" sizes=\"(max-width: 767px) 89vw, (max-width: 1000px) 54vw, (max-width: 1071px) 543px, 580px\" \/><figcaption><font style=\"vertical-align: inherit;\"><font style=\"vertical-align: inherit;\">litchis <\/font><\/font><\/figcaption><\/figure>\n\n\n\n<figure class=\"wp-block-image\"><img decoding=\"async\" loading=\"lazy\" width=\"1024\" height=\"768\" src=\"https:\/\/jardin-kreol.com\/wp-content\/uploads\/2019\/02\/SAM_4642-1024x768.jpg\" alt=\"\" class=\"wp-image-586\" srcset=\"https:\/\/jardin-kreol.com\/wp-content\/uploads\/2019\/02\/SAM_4642-1024x768.jpg 1024w, https:\/\/jardin-kreol.com\/wp-content\/uploads\/2019\/02\/SAM_4642-300x225.jpg 300w, https:\/\/jardin-kreol.com\/wp-content\/uploads\/2019\/02\/SAM_4642-768x576.jpg 768w\" sizes=\"(max-width: 767px) 89vw, (max-width: 1000px) 54vw, (max-width: 1071px) 543px, 580px\" \/><figcaption><font style=\"vertical-align: inherit;\"><font style=\"vertical-align: inherit;\"><font style=\"vertical-align: inherit;\"><font style=\"vertical-align: inherit;\"><font style=\"vertical-align: inherit;\"><font style=\"vertical-align: inherit;\">grenadines ( fruits de la passion )<\/font><\/font><\/font><\/font><\/font><\/font><\/figcaption><\/figure>\n\n\n\n<figure class=\"wp-block-image\"><img decoding=\"async\" loading=\"lazy\" width=\"1024\" height=\"768\" src=\"https:\/\/jardin-kreol.com\/wp-content\/uploads\/2019\/02\/SAM_4705-1024x768.jpg\" alt=\"\" class=\"wp-image-587\" srcset=\"https:\/\/jardin-kreol.com\/wp-content\/uploads\/2019\/02\/SAM_4705-1024x768.jpg 1024w, https:\/\/jardin-kreol.com\/wp-content\/uploads\/2019\/02\/SAM_4705-300x225.jpg 300w, https:\/\/jardin-kreol.com\/wp-content\/uploads\/2019\/02\/SAM_4705-768x576.jpg 768w\" sizes=\"(max-width: 767px) 89vw, (max-width: 1000px) 54vw, (max-width: 1071px) 543px, 580px\" \/><figcaption><font style=\"vertical-align: inherit;\"><font style=\"vertical-align: inherit;\"><font style=\"vertical-align: inherit;\"><font style=\"vertical-align: inherit;\"><font style=\"vertical-align: inherit;\"><font style=\"vertical-align: inherit;\">jamrosat ou (zambrozades) <\/font><\/font><\/font><\/font><\/font><\/font><\/figcaption><\/figure>\n\n\n\n<figure class=\"wp-block-image\"><img decoding=\"async\" loading=\"lazy\" width=\"576\" height=\"1024\" src=\"https:\/\/jardin-kreol.com\/wp-content\/uploads\/2019\/02\/51293401_346655679513120_6949356491946065920_n-576x1024.jpg\" alt=\"\" class=\"wp-image-594\" srcset=\"https:\/\/jardin-kreol.com\/wp-content\/uploads\/2019\/02\/51293401_346655679513120_6949356491946065920_n-576x1024.jpg 576w, https:\/\/jardin-kreol.com\/wp-content\/uploads\/2019\/02\/51293401_346655679513120_6949356491946065920_n-169x300.jpg 169w, https:\/\/jardin-kreol.com\/wp-content\/uploads\/2019\/02\/51293401_346655679513120_6949356491946065920_n-768x1365.jpg 768w, https:\/\/jardin-kreol.com\/wp-content\/uploads\/2019\/02\/51293401_346655679513120_6949356491946065920_n.jpg 1080w\" sizes=\"(max-width: 576px) 100vw, 576px\" \/><figcaption><font style=\"vertical-align: inherit;\"><font style=\"vertical-align: inherit;\">jamalac (fruit lontan) : <\/font><\/font><\/figcaption><\/figure>\n\n\n\n<figure class=\"wp-block-image is-resized\"><img decoding=\"async\" loading=\"lazy\" src=\"https:\/\/jardin-kreol.com\/wp-content\/uploads\/2019\/02\/50951932_2040044959627764_7949293181319774208_n-576x1024.jpg\" alt=\"\" class=\"wp-image-595\" width=\"576\" height=\"1024\" srcset=\"https:\/\/jardin-kreol.com\/wp-content\/uploads\/2019\/02\/50951932_2040044959627764_7949293181319774208_n-576x1024.jpg 576w, https:\/\/jardin-kreol.com\/wp-content\/uploads\/2019\/02\/50951932_2040044959627764_7949293181319774208_n-169x300.jpg 169w, https:\/\/jardin-kreol.com\/wp-content\/uploads\/2019\/02\/50951932_2040044959627764_7949293181319774208_n-768x1365.jpg 768w, https:\/\/jardin-kreol.com\/wp-content\/uploads\/2019\/02\/50951932_2040044959627764_7949293181319774208_n.jpg 1080w\" sizes=\"(max-width: 576px) 100vw, 576px\" \/><figcaption><font style=\"vertical-align: inherit;\"><font style=\"vertical-align: inherit;\">jamalac<\/font><\/font><\/figcaption><\/figure>\n\n\n\n<figure class=\"wp-block-image\"><img decoding=\"async\" loading=\"lazy\" width=\"1024\" height=\"768\" src=\"https:\/\/jardin-kreol.com\/wp-content\/uploads\/2019\/02\/SAM_4803-1024x768.jpg\" alt=\"\" class=\"wp-image-588\" srcset=\"https:\/\/jardin-kreol.com\/wp-content\/uploads\/2019\/02\/SAM_4803-1024x768.jpg 1024w, https:\/\/jardin-kreol.com\/wp-content\/uploads\/2019\/02\/SAM_4803-300x225.jpg 300w, https:\/\/jardin-kreol.com\/wp-content\/uploads\/2019\/02\/SAM_4803-768x576.jpg 768w\" sizes=\"(max-width: 767px) 89vw, (max-width: 1000px) 54vw, (max-width: 1071px) 543px, 580px\" \/><figcaption><font style=\"vertical-align: inherit;\"><font style=\"vertical-align: inherit;\">petite banane ( la banane figue )<\/font><\/font><\/figcaption><\/figure>\n\n\n\n<figure class=\"wp-block-image\"><img decoding=\"async\" loading=\"lazy\" width=\"1024\" height=\"768\" src=\"https:\/\/jardin-kreol.com\/wp-content\/uploads\/2019\/02\/SAM_4823-1024x768.jpg\" alt=\"\" class=\"wp-image-589\" srcset=\"https:\/\/jardin-kreol.com\/wp-content\/uploads\/2019\/02\/SAM_4823-1024x768.jpg 1024w, https:\/\/jardin-kreol.com\/wp-content\/uploads\/2019\/02\/SAM_4823-300x225.jpg 300w, https:\/\/jardin-kreol.com\/wp-content\/uploads\/2019\/02\/SAM_4823-768x576.jpg 768w\" sizes=\"(max-width: 767px) 89vw, (max-width: 1000px) 54vw, (max-width: 1071px) 543px, 580px\" \/><figcaption><font style=\"vertical-align: inherit;\"><font style=\"vertical-align: inherit;\"><font style=\"vertical-align: inherit;\"><font style=\"vertical-align: inherit;\"><font style=\"vertical-align: inherit;\"><font style=\"vertical-align: inherit;\">ananas Victoria<\/font><\/font><\/font><\/font><\/font><\/font><\/figcaption><\/figure>\n\n\n\n<figure class=\"wp-block-image\"><img decoding=\"async\" loading=\"lazy\" width=\"1024\" height=\"768\" src=\"https:\/\/jardin-kreol.com\/wp-content\/uploads\/2019\/02\/SAM_4802-1024x768.jpg\" alt=\"\" class=\"wp-image-590\" srcset=\"https:\/\/jardin-kreol.com\/wp-content\/uploads\/2019\/02\/SAM_4802-1024x768.jpg 1024w, https:\/\/jardin-kreol.com\/wp-content\/uploads\/2019\/02\/SAM_4802-300x225.jpg 300w, https:\/\/jardin-kreol.com\/wp-content\/uploads\/2019\/02\/SAM_4802-768x576.jpg 768w\" sizes=\"(max-width: 767px) 89vw, (max-width: 1000px) 54vw, (max-width: 1071px) 543px, 580px\" \/><figcaption><font style=\"vertical-align: inherit;\"><font style=\"vertical-align: inherit;\"><font style=\"vertical-align: inherit;\"><font style=\"vertical-align: inherit;\">pitaya (ou fruit du dragon )<\/font><\/font><\/font><\/font><\/figcaption><\/figure>\n\n\n\n<figure class=\"wp-block-image\"><img decoding=\"async\" loading=\"lazy\" width=\"1024\" height=\"768\" src=\"https:\/\/jardin-kreol.com\/wp-content\/uploads\/2019\/02\/SAM_4801-1024x768.jpg\" alt=\"\" class=\"wp-image-591\" srcset=\"https:\/\/jardin-kreol.com\/wp-content\/uploads\/2019\/02\/SAM_4801-1024x768.jpg 1024w, https:\/\/jardin-kreol.com\/wp-content\/uploads\/2019\/02\/SAM_4801-300x225.jpg 300w, https:\/\/jardin-kreol.com\/wp-content\/uploads\/2019\/02\/SAM_4801-768x576.jpg 768w\" sizes=\"(max-width: 767px) 89vw, (max-width: 1000px) 54vw, (max-width: 1071px) 543px, 580px\" \/><figcaption><font style=\"vertical-align: inherit;\"><font style=\"vertical-align: inherit;\"><font style=\"vertical-align: inherit;\"><font style=\"vertical-align: inherit;\">papaye mure<\/font><\/font><\/font><\/font><\/figcaption><\/figure>\n\n\n\n<figure class=\"wp-block-image\"><img decoding=\"async\" loading=\"lazy\" width=\"1024\" height=\"768\" src=\"https:\/\/jardin-kreol.com\/wp-content\/uploads\/2019\/02\/SAM_4809-1024x768.jpg\" alt=\"\" class=\"wp-image-593\" srcset=\"https:\/\/jardin-kreol.com\/wp-content\/uploads\/2019\/02\/SAM_4809-1024x768.jpg 1024w, https:\/\/jardin-kreol.com\/wp-content\/uploads\/2019\/02\/SAM_4809-300x225.jpg 300w, https:\/\/jardin-kreol.com\/wp-content\/uploads\/2019\/02\/SAM_4809-768x576.jpg 768w\" sizes=\"(max-width: 767px) 89vw, (max-width: 1000px) 54vw, (max-width: 1071px) 543px, 580px\" \/><figcaption><font style=\"vertical-align: inherit;\"><font style=\"vertical-align: inherit;\">papaye verte:  en salade c&rsquo;est un r\u00e9gal <\/font><\/font><\/figcaption><\/figure>\n\n\n\n<figure class=\"wp-block-image\"><img decoding=\"async\" loading=\"lazy\" width=\"1024\" height=\"768\" src=\"https:\/\/jardin-kreol.com\/wp-content\/uploads\/2019\/02\/SAM_4804-1024x768.jpg\" alt=\"\" class=\"wp-image-592\" srcset=\"https:\/\/jardin-kreol.com\/wp-content\/uploads\/2019\/02\/SAM_4804-1024x768.jpg 1024w, https:\/\/jardin-kreol.com\/wp-content\/uploads\/2019\/02\/SAM_4804-300x225.jpg 300w, https:\/\/jardin-kreol.com\/wp-content\/uploads\/2019\/02\/SAM_4804-768x576.jpg 768w\" sizes=\"(max-width: 767px) 89vw, (max-width: 1000px) 54vw, (max-width: 1071px) 543px, 580px\" \/><figcaption><font style=\"vertical-align: inherit;\"><font style=\"vertical-align: inherit;\"><font style=\"vertical-align: inherit;\"><font style=\"vertical-align: inherit;\">mangue Am\u00e9ricaine<\/font><\/font><\/font><\/font><\/figcaption><\/figure>\n\n\n\n<figure class=\"wp-block-image\"><img decoding=\"async\" loading=\"lazy\" width=\"576\" height=\"1024\" src=\"https:\/\/jardin-kreol.com\/wp-content\/uploads\/2019\/02\/51373660_2229722277346222_5204842360877350912_n-576x1024.jpg\" alt=\"\" class=\"wp-image-596\" srcset=\"https:\/\/jardin-kreol.com\/wp-content\/uploads\/2019\/02\/51373660_2229722277346222_5204842360877350912_n-576x1024.jpg 576w, https:\/\/jardin-kreol.com\/wp-content\/uploads\/2019\/02\/51373660_2229722277346222_5204842360877350912_n-169x300.jpg 169w, https:\/\/jardin-kreol.com\/wp-content\/uploads\/2019\/02\/51373660_2229722277346222_5204842360877350912_n-768x1365.jpg 768w, https:\/\/jardin-kreol.com\/wp-content\/uploads\/2019\/02\/51373660_2229722277346222_5204842360877350912_n.jpg 1080w\" sizes=\"(max-width: 576px) 100vw, 576px\" \/><figcaption><font style=\"vertical-align: inherit;\"><font style=\"vertical-align: inherit;\">corossol: un fruit \u00e0 d\u00e9couvrir absolument pour ses vitamines de m\u00eame  pour ses nombreuses propri\u00e9t\u00e9s m\u00e9dicinales.<\/font><\/font><\/figcaption><\/figure>\n\n\n\n<figure class=\"wp-block-image\"><img decoding=\"async\" loading=\"lazy\" width=\"1024\" height=\"768\" src=\"https:\/\/jardin-kreol.com\/wp-content\/uploads\/2019\/02\/thumb_SAM_4040_1024-1024x768.jpg\" alt=\"\" class=\"wp-image-602\" srcset=\"https:\/\/jardin-kreol.com\/wp-content\/uploads\/2019\/02\/thumb_SAM_4040_1024.jpg 1024w, https:\/\/jardin-kreol.com\/wp-content\/uploads\/2019\/02\/thumb_SAM_4040_1024-300x225.jpg 300w, https:\/\/jardin-kreol.com\/wp-content\/uploads\/2019\/02\/thumb_SAM_4040_1024-768x576.jpg 768w\" sizes=\"(max-width: 767px) 89vw, (max-width: 1000px) 54vw, (max-width: 1071px) 543px, 580px\" \/><figcaption>corossol<\/figcaption><\/figure>\n\n\n\n<figure class=\"wp-block-image\"><img decoding=\"async\" loading=\"lazy\" width=\"1024\" height=\"768\" src=\"https:\/\/jardin-kreol.com\/wp-content\/uploads\/2019\/02\/SAM_4826-1024x768.jpg\" alt=\"\" class=\"wp-image-600\" srcset=\"https:\/\/jardin-kreol.com\/wp-content\/uploads\/2019\/02\/SAM_4826-1024x768.jpg 1024w, https:\/\/jardin-kreol.com\/wp-content\/uploads\/2019\/02\/SAM_4826-300x225.jpg 300w, https:\/\/jardin-kreol.com\/wp-content\/uploads\/2019\/02\/SAM_4826-768x576.jpg 768w\" sizes=\"(max-width: 767px) 89vw, (max-width: 1000px) 54vw, (max-width: 1071px) 543px, 580px\" \/><figcaption>prunes pei <\/figcaption><\/figure>\n\n\n\n<figure class=\"wp-block-image\"><img decoding=\"async\" loading=\"lazy\" width=\"1024\" height=\"768\" src=\"https:\/\/jardin-kreol.com\/wp-content\/uploads\/2019\/02\/SAM_4625-1024x768.jpg\" alt=\"\" class=\"wp-image-601\" srcset=\"https:\/\/jardin-kreol.com\/wp-content\/uploads\/2019\/02\/SAM_4625-1024x768.jpg 1024w, https:\/\/jardin-kreol.com\/wp-content\/uploads\/2019\/02\/SAM_4625-300x225.jpg 300w, https:\/\/jardin-kreol.com\/wp-content\/uploads\/2019\/02\/SAM_4625-768x576.jpg 768w\" sizes=\"(max-width: 767px) 89vw, (max-width: 1000px) 54vw, (max-width: 1071px) 543px, 580px\" \/><figcaption>gousse de jacque ( fruit du jacquier )<\/figcaption><\/figure>\n\n\n\n<figure class=\"wp-block-image\"><img decoding=\"async\" loading=\"lazy\" width=\"1024\" height=\"768\" src=\"https:\/\/jardin-kreol.com\/wp-content\/uploads\/2019\/02\/SAM_4627-1024x768.jpg\" alt=\"\" class=\"wp-image-604\" srcset=\"https:\/\/jardin-kreol.com\/wp-content\/uploads\/2019\/02\/SAM_4627-1024x768.jpg 1024w, https:\/\/jardin-kreol.com\/wp-content\/uploads\/2019\/02\/SAM_4627-300x225.jpg 300w, https:\/\/jardin-kreol.com\/wp-content\/uploads\/2019\/02\/SAM_4627-768x576.jpg 768w\" sizes=\"(max-width: 767px) 89vw, (max-width: 1000px) 54vw, (max-width: 1071px) 543px, 580px\" \/><figcaption>barbadine : certainement   le plus gros des  fruits de la passion<\/figcaption><\/figure>\n\n\n\n<figure class=\"wp-block-image\"><img decoding=\"async\" loading=\"lazy\" width=\"1024\" height=\"768\" src=\"https:\/\/jardin-kreol.com\/wp-content\/uploads\/2019\/02\/SAM_1156-1024x768.jpg\" alt=\"\" class=\"wp-image-605\" srcset=\"https:\/\/jardin-kreol.com\/wp-content\/uploads\/2019\/02\/SAM_1156-1024x768.jpg 1024w, https:\/\/jardin-kreol.com\/wp-content\/uploads\/2019\/02\/SAM_1156-300x225.jpg 300w, https:\/\/jardin-kreol.com\/wp-content\/uploads\/2019\/02\/SAM_1156-768x576.jpg 768w\" sizes=\"(max-width: 767px) 89vw, (max-width: 1000px) 54vw, (max-width: 1071px) 543px, 580px\" \/><figcaption>longanis <\/figcaption><\/figure>\n\n\n\n<figure class=\"wp-block-image\"><img decoding=\"async\" loading=\"lazy\" width=\"1024\" height=\"768\" src=\"https:\/\/jardin-kreol.com\/wp-content\/uploads\/2019\/02\/SAM_3385-1024x768.jpg\" alt=\"\" class=\"wp-image-606\" srcset=\"https:\/\/jardin-kreol.com\/wp-content\/uploads\/2019\/02\/SAM_3385-1024x768.jpg 1024w, https:\/\/jardin-kreol.com\/wp-content\/uploads\/2019\/02\/SAM_3385-300x225.jpg 300w, https:\/\/jardin-kreol.com\/wp-content\/uploads\/2019\/02\/SAM_3385-768x576.jpg 768w\" sizes=\"(max-width: 767px) 89vw, (max-width: 1000px) 54vw, (max-width: 1071px) 543px, 580px\" \/><figcaption>goyaviers<\/figcaption><\/figure>\n<div class='watch-action'><div class='watch-position align-left'><div class='action-like'><a class='lbg-style1 like-584 jlk' href='javascript:void(0)' data-task='like' data-post_id='584' data-nonce='859c986595' rel='nofollow'><img class='wti-pixel' src='https:\/\/jardin-kreol.com\/wp-content\/plugins\/wti-like-post\/images\/pixel.gif' title='comme' \/><span class='lc-584 lc'>+20<\/span><\/a><\/div><div class='action-unlike'><a class='unlbg-style1 unlike-584 jlk' href='javascript:void(0)' data-task='unlike' data-post_id='584' data-nonce='859c986595' rel='nofollow'><img class='wti-pixel' src='https:\/\/jardin-kreol.com\/wp-content\/plugins\/wti-like-post\/images\/pixel.gif' title='contrairement \u00e0' \/><span class='unlc-584 unlc'>0<\/span><\/a><\/div> <\/div> <div class='status-584 status align-left'><\/div><\/div><div class='wti-clear'><\/div>","protected":false},"excerpt":{"rendered":"<p>Une petite escapade fruit\u00e9e. Ah ! qu&rsquo;ils sont jolis les fruits de mon pays. Offrez \u00e0 votre corps des vitamines naturelles. Et laissez vous transporter par des senteurs d&rsquo;ailleurs :de la R\u00e9union. Le climat tropical propice \u00e0 une large vari\u00e9t\u00e9 d&rsquo;esp\u00e8ces. Litchis, fruits de la passion, banane, ananas,papaye : le soleil et les couleurs sont &hellip; <\/p>\n<p class=\"link-more\"><a href=\"https:\/\/jardin-kreol.com\/index.php\/2019\/02\/13\/les-fruits-ensoleille-de-mon-ile\/\" class=\"more-link\">Continuer la lecture<span class=\"screen-reader-text\"> de &laquo;&nbsp;Les fruits ensoleill\u00e9s de mon \u00eele.&nbsp;&raquo;<\/span><\/a><\/p>\n","protected":false},"author":1,"featured_media":0,"comment_status":"open","ping_status":"open","sticky":false,"template":"","format":"standard","meta":{"footnotes":""},"categories":[5],"tags":[101],"yoast_head":"<!-- This site is optimized with the Yoast SEO plugin v20.3 - https:\/\/yoast.com\/wordpress\/plugins\/seo\/ -->\n<title>Les fruits ensoleill\u00e9s de mon \u00eele. - www.jardin-kreol.com<\/title>\n<meta name=\"description\" content=\"une escapade fruit\u00e9e \u00e0 la d\u00e9couverte de quelques fruits exotique de l&#039;\u00eele de la r\u00e9union.\" \/>\n<meta name=\"robots\" content=\"index, follow, max-snippet:-1, max-image-preview:large, max-video-preview:-1\" \/>\n<link rel=\"canonical\" href=\"https:\/\/jardin-kreol.com\/index.php\/2019\/02\/13\/les-fruits-ensoleille-de-mon-ile\/\" \/>\n<meta property=\"og:locale\" content=\"fr_FR\" \/>\n<meta property=\"og:type\" content=\"article\" \/>\n<meta property=\"og:title\" content=\"Les fruits ensoleill\u00e9s de mon \u00eele. - www.jardin-kreol.com\" \/>\n<meta property=\"og:description\" content=\"une escapade fruit\u00e9e \u00e0 la d\u00e9couverte de quelques fruits exotique de l&#039;\u00eele de la r\u00e9union.\" \/>\n<meta property=\"og:url\" content=\"https:\/\/jardin-kreol.com\/index.php\/2019\/02\/13\/les-fruits-ensoleille-de-mon-ile\/\" \/>\n<meta property=\"og:site_name\" content=\"www.jardin-kreol.com\" \/>\n<meta property=\"article:published_time\" content=\"2019-02-13T16:35:41+00:00\" \/>\n<meta property=\"article:modified_time\" content=\"2022-09-14T12:22:54+00:00\" \/>\n<meta property=\"og:image\" content=\"http:\/\/jardin-kreol.com\/wp-content\/uploads\/2019\/02\/SAM_4629-1024x768.jpg\" \/>\n<meta name=\"author\" content=\"admin7052\" \/>\n<meta name=\"twitter:card\" content=\"summary_large_image\" \/>\n<meta name=\"twitter:label1\" content=\"\u00c9crit par\" \/>\n\t<meta name=\"twitter:data1\" content=\"admin7052\" \/>\n\t<meta name=\"twitter:label2\" content=\"Dur\u00e9e de lecture estim\u00e9e\" \/>\n\t<meta name=\"twitter:data2\" content=\"1 minute\" \/>\n<script type=\"application\/ld+json\" class=\"yoast-schema-graph\">{\"@context\":\"https:\/\/schema.org\",\"@graph\":[{\"@type\":\"Article\",\"@id\":\"https:\/\/jardin-kreol.com\/index.php\/2019\/02\/13\/les-fruits-ensoleille-de-mon-ile\/#article\",\"isPartOf\":{\"@id\":\"https:\/\/jardin-kreol.com\/index.php\/2019\/02\/13\/les-fruits-ensoleille-de-mon-ile\/\"},\"author\":{\"name\":\"admin7052\",\"@id\":\"https:\/\/jardin-kreol.com\/#\/schema\/person\/486615fe8b2329cb69f4ccb2f7cc8ceb\"},\"headline\":\"Les fruits ensoleill\u00e9s de mon \u00eele.\",\"datePublished\":\"2019-02-13T16:35:41+00:00\",\"dateModified\":\"2022-09-14T12:22:54+00:00\",\"mainEntityOfPage\":{\"@id\":\"https:\/\/jardin-kreol.com\/index.php\/2019\/02\/13\/les-fruits-ensoleille-de-mon-ile\/\"},\"wordCount\":197,\"commentCount\":0,\"publisher\":{\"@id\":\"https:\/\/jardin-kreol.com\/#organization\"},\"keywords\":[\"Flore R\u00e9union\"],\"articleSection\":[\"blog\"],\"inLanguage\":\"fr-FR\",\"potentialAction\":[{\"@type\":\"CommentAction\",\"name\":\"Comment\",\"target\":[\"https:\/\/jardin-kreol.com\/index.php\/2019\/02\/13\/les-fruits-ensoleille-de-mon-ile\/#respond\"]}]},{\"@type\":\"WebPage\",\"@id\":\"https:\/\/jardin-kreol.com\/index.php\/2019\/02\/13\/les-fruits-ensoleille-de-mon-ile\/\",\"url\":\"https:\/\/jardin-kreol.com\/index.php\/2019\/02\/13\/les-fruits-ensoleille-de-mon-ile\/\",\"name\":\"Les fruits ensoleill\u00e9s de mon \u00eele. - www.jardin-kreol.com\",\"isPartOf\":{\"@id\":\"https:\/\/jardin-kreol.com\/#website\"},\"datePublished\":\"2019-02-13T16:35:41+00:00\",\"dateModified\":\"2022-09-14T12:22:54+00:00\",\"description\":\"une escapade fruit\u00e9e \u00e0 la d\u00e9couverte de quelques fruits exotique de l'\u00eele de la r\u00e9union.\",\"breadcrumb\":{\"@id\":\"https:\/\/jardin-kreol.com\/index.php\/2019\/02\/13\/les-fruits-ensoleille-de-mon-ile\/#breadcrumb\"},\"inLanguage\":\"fr-FR\",\"potentialAction\":[{\"@type\":\"ReadAction\",\"target\":[\"https:\/\/jardin-kreol.com\/index.php\/2019\/02\/13\/les-fruits-ensoleille-de-mon-ile\/\"]}]},{\"@type\":\"BreadcrumbList\",\"@id\":\"https:\/\/jardin-kreol.com\/index.php\/2019\/02\/13\/les-fruits-ensoleille-de-mon-ile\/#breadcrumb\",\"itemListElement\":[{\"@type\":\"ListItem\",\"position\":1,\"name\":\"Accueil\",\"item\":\"https:\/\/jardin-kreol.com\/\"},{\"@type\":\"ListItem\",\"position\":2,\"name\":\"Les fruits ensoleill\u00e9s de mon \u00eele.\"}]},{\"@type\":\"WebSite\",\"@id\":\"https:\/\/jardin-kreol.com\/#website\",\"url\":\"https:\/\/jardin-kreol.com\/\",\"name\":\"www.jardin-kreol.com\",\"description\":\"\",\"publisher\":{\"@id\":\"https:\/\/jardin-kreol.com\/#organization\"},\"potentialAction\":[{\"@type\":\"SearchAction\",\"target\":{\"@type\":\"EntryPoint\",\"urlTemplate\":\"https:\/\/jardin-kreol.com\/?s={search_term_string}\"},\"query-input\":\"required name=search_term_string\"}],\"inLanguage\":\"fr-FR\"},{\"@type\":\"Organization\",\"@id\":\"https:\/\/jardin-kreol.com\/#organization\",\"name\":\"www.jardin-kreol.com\",\"url\":\"https:\/\/jardin-kreol.com\/\",\"logo\":{\"@type\":\"ImageObject\",\"inLanguage\":\"fr-FR\",\"@id\":\"https:\/\/jardin-kreol.com\/#\/schema\/logo\/image\/\",\"url\":\"https:\/\/jardin-kreol.com\/wp-content\/uploads\/2020\/07\/cropped-received_504685100322529.jpeg\",\"contentUrl\":\"https:\/\/jardin-kreol.com\/wp-content\/uploads\/2020\/07\/cropped-received_504685100322529.jpeg\",\"width\":250,\"height\":250,\"caption\":\"www.jardin-kreol.com\"},\"image\":{\"@id\":\"https:\/\/jardin-kreol.com\/#\/schema\/logo\/image\/\"}},{\"@type\":\"Person\",\"@id\":\"https:\/\/jardin-kreol.com\/#\/schema\/person\/486615fe8b2329cb69f4ccb2f7cc8ceb\",\"name\":\"admin7052\",\"image\":{\"@type\":\"ImageObject\",\"inLanguage\":\"fr-FR\",\"@id\":\"https:\/\/jardin-kreol.com\/#\/schema\/person\/image\/\",\"url\":\"https:\/\/secure.gravatar.com\/avatar\/51a9556fda92d2b25d4069b3a2460d40?s=96&d=mm&r=g\",\"contentUrl\":\"https:\/\/secure.gravatar.com\/avatar\/51a9556fda92d2b25d4069b3a2460d40?s=96&d=mm&r=g\",\"caption\":\"admin7052\"},\"url\":\"https:\/\/jardin-kreol.com\/index.php\/author\/admin7052\/\"}]}<\/script>\n<!-- \/ Yoast SEO plugin. -->","yoast_head_json":{"title":"Les fruits ensoleill\u00e9s de mon \u00eele. - www.jardin-kreol.com","description":"une escapade fruit\u00e9e \u00e0 la d\u00e9couverte de quelques fruits exotique de l'\u00eele de la r\u00e9union.","robots":{"index":"index","follow":"follow","max-snippet":"max-snippet:-1","max-image-preview":"max-image-preview:large","max-video-preview":"max-video-preview:-1"},"canonical":"https:\/\/jardin-kreol.com\/index.php\/2019\/02\/13\/les-fruits-ensoleille-de-mon-ile\/","og_locale":"fr_FR","og_type":"article","og_title":"Les fruits ensoleill\u00e9s de mon \u00eele. - www.jardin-kreol.com","og_description":"une escapade fruit\u00e9e \u00e0 la d\u00e9couverte de quelques fruits exotique de l'\u00eele de la r\u00e9union.","og_url":"https:\/\/jardin-kreol.com\/index.php\/2019\/02\/13\/les-fruits-ensoleille-de-mon-ile\/","og_site_name":"www.jardin-kreol.com","article_published_time":"2019-02-13T16:35:41+00:00","article_modified_time":"2022-09-14T12:22:54+00:00","og_image":[{"url":"http:\/\/jardin-kreol.com\/wp-content\/uploads\/2019\/02\/SAM_4629-1024x768.jpg"}],"author":"admin7052","twitter_card":"summary_large_image","twitter_misc":{"\u00c9crit par":"admin7052","Dur\u00e9e de lecture estim\u00e9e":"1 minute"},"schema":{"@context":"https:\/\/schema.org","@graph":[{"@type":"Article","@id":"https:\/\/jardin-kreol.com\/index.php\/2019\/02\/13\/les-fruits-ensoleille-de-mon-ile\/#article","isPartOf":{"@id":"https:\/\/jardin-kreol.com\/index.php\/2019\/02\/13\/les-fruits-ensoleille-de-mon-ile\/"},"author":{"name":"admin7052","@id":"https:\/\/jardin-kreol.com\/#\/schema\/person\/486615fe8b2329cb69f4ccb2f7cc8ceb"},"headline":"Les fruits ensoleill\u00e9s de mon \u00eele.","datePublished":"2019-02-13T16:35:41+00:00","dateModified":"2022-09-14T12:22:54+00:00","mainEntityOfPage":{"@id":"https:\/\/jardin-kreol.com\/index.php\/2019\/02\/13\/les-fruits-ensoleille-de-mon-ile\/"},"wordCount":197,"commentCount":0,"publisher":{"@id":"https:\/\/jardin-kreol.com\/#organization"},"keywords":["Flore R\u00e9union"],"articleSection":["blog"],"inLanguage":"fr-FR","potentialAction":[{"@type":"CommentAction","name":"Comment","target":["https:\/\/jardin-kreol.com\/index.php\/2019\/02\/13\/les-fruits-ensoleille-de-mon-ile\/#respond"]}]},{"@type":"WebPage","@id":"https:\/\/jardin-kreol.com\/index.php\/2019\/02\/13\/les-fruits-ensoleille-de-mon-ile\/","url":"https:\/\/jardin-kreol.com\/index.php\/2019\/02\/13\/les-fruits-ensoleille-de-mon-ile\/","name":"Les fruits ensoleill\u00e9s de mon \u00eele. - www.jardin-kreol.com","isPartOf":{"@id":"https:\/\/jardin-kreol.com\/#website"},"datePublished":"2019-02-13T16:35:41+00:00","dateModified":"2022-09-14T12:22:54+00:00","description":"une escapade fruit\u00e9e \u00e0 la d\u00e9couverte de quelques fruits exotique de l'\u00eele de la r\u00e9union.","breadcrumb":{"@id":"https:\/\/jardin-kreol.com\/index.php\/2019\/02\/13\/les-fruits-ensoleille-de-mon-ile\/#breadcrumb"},"inLanguage":"fr-FR","potentialAction":[{"@type":"ReadAction","target":["https:\/\/jardin-kreol.com\/index.php\/2019\/02\/13\/les-fruits-ensoleille-de-mon-ile\/"]}]},{"@type":"BreadcrumbList","@id":"https:\/\/jardin-kreol.com\/index.php\/2019\/02\/13\/les-fruits-ensoleille-de-mon-ile\/#breadcrumb","itemListElement":[{"@type":"ListItem","position":1,"name":"Accueil","item":"https:\/\/jardin-kreol.com\/"},{"@type":"ListItem","position":2,"name":"Les fruits ensoleill\u00e9s de mon \u00eele."}]},{"@type":"WebSite","@id":"https:\/\/jardin-kreol.com\/#website","url":"https:\/\/jardin-kreol.com\/","name":"www.jardin-kreol.com","description":"","publisher":{"@id":"https:\/\/jardin-kreol.com\/#organization"},"potentialAction":[{"@type":"SearchAction","target":{"@type":"EntryPoint","urlTemplate":"https:\/\/jardin-kreol.com\/?s={search_term_string}"},"query-input":"required name=search_term_string"}],"inLanguage":"fr-FR"},{"@type":"Organization","@id":"https:\/\/jardin-kreol.com\/#organization","name":"www.jardin-kreol.com","url":"https:\/\/jardin-kreol.com\/","logo":{"@type":"ImageObject","inLanguage":"fr-FR","@id":"https:\/\/jardin-kreol.com\/#\/schema\/logo\/image\/","url":"https:\/\/jardin-kreol.com\/wp-content\/uploads\/2020\/07\/cropped-received_504685100322529.jpeg","contentUrl":"https:\/\/jardin-kreol.com\/wp-content\/uploads\/2020\/07\/cropped-received_504685100322529.jpeg","width":250,"height":250,"caption":"www.jardin-kreol.com"},"image":{"@id":"https:\/\/jardin-kreol.com\/#\/schema\/logo\/image\/"}},{"@type":"Person","@id":"https:\/\/jardin-kreol.com\/#\/schema\/person\/486615fe8b2329cb69f4ccb2f7cc8ceb","name":"admin7052","image":{"@type":"ImageObject","inLanguage":"fr-FR","@id":"https:\/\/jardin-kreol.com\/#\/schema\/person\/image\/","url":"https:\/\/secure.gravatar.com\/avatar\/51a9556fda92d2b25d4069b3a2460d40?s=96&d=mm&r=g","contentUrl":"https:\/\/secure.gravatar.com\/avatar\/51a9556fda92d2b25d4069b3a2460d40?s=96&d=mm&r=g","caption":"admin7052"},"url":"https:\/\/jardin-kreol.com\/index.php\/author\/admin7052\/"}]}},"_links":{"self":[{"href":"https:\/\/jardin-kreol.com\/index.php\/wp-json\/wp\/v2\/posts\/584"}],"collection":[{"href":"https:\/\/jardin-kreol.com\/index.php\/wp-json\/wp\/v2\/posts"}],"about":[{"href":"https:\/\/jardin-kreol.com\/index.php\/wp-json\/wp\/v2\/types\/post"}],"author":[{"embeddable":true,"href":"https:\/\/jardin-kreol.com\/index.php\/wp-json\/wp\/v2\/users\/1"}],"replies":[{"embeddable":true,"href":"https:\/\/jardin-kreol.com\/index.php\/wp-json\/wp\/v2\/comments?post=584"}],"version-history":[{"count":3,"href":"https:\/\/jardin-kreol.com\/index.php\/wp-json\/wp\/v2\/posts\/584\/revisions"}],"predecessor-version":[{"id":608,"href":"https:\/\/jardin-kreol.com\/index.php\/wp-json\/wp\/v2\/posts\/584\/revisions\/608"}],"wp:attachment":[{"href":"https:\/\/jardin-kreol.com\/index.php\/wp-json\/wp\/v2\/media?parent=584"}],"wp:term":[{"taxonomy":"category","embeddable":true,"href":"https:\/\/jardin-kreol.com\/index.php\/wp-json\/wp\/v2\/categories?post=584"},{"taxonomy":"post_tag","embeddable":true,"href":"https:\/\/jardin-kreol.com\/index.php\/wp-json\/wp\/v2\/tags?post=584"}],"curies":[{"name":"wp","href":"https:\/\/api.w.org\/{rel}","templated":true}]}}