{"id":1921,"date":"2021-10-13T12:30:18","date_gmt":"2021-10-13T10:30:18","guid":{"rendered":"http:\/\/jardin-kreol.com\/?p=1921"},"modified":"2022-09-14T11:28:23","modified_gmt":"2022-09-14T09:28:23","slug":"pointe-au-sel-974","status":"publish","type":"post","link":"https:\/\/jardin-kreol.com\/index.php\/2021\/10\/13\/pointe-au-sel-974\/","title":{"rendered":"Pointe au sel 974"},"content":{"rendered":"\n<p>Je partage avec vous ma petite vir\u00e9e \u00e0 la pointe au sel. Un site extra sur la c\u00f4te ouest de la R\u00e9union, \u00e0 la sortie de St Leu. <\/p>\n\n\n\n<p>Un contraste surprenant qui en met plein la vue. Une v\u00e9g\u00e9tation type savane, les roches volcaniques, l&rsquo;oc\u00e9an. Une petite crique naturelle , le bassin caverne au top. Difficile de r\u00e9sister !  C&rsquo;est une invitation \u00e0 la baignade  mais !! Prudence ( la baignade est interdite ).<\/p>\n\n\n\n<p> A d\u00e9couvrir le mus\u00e9e du sel. On peut voir \u00e9galement les bassins de salines.<\/p>\n\n\n\n<p>Un lieu id\u00e9al pour faire des photos. Juste magique ! <\/p>\n\n\n\n<figure class=\"wp-block-image size-full is-resized\"><img decoding=\"async\" loading=\"lazy\" src=\"https:\/\/jardin-kreol.com\/wp-content\/uploads\/2021\/10\/received_1815409088645966.jpeg\" alt=\"\" class=\"wp-image-1922\" width=\"299\" height=\"397\"\/><\/figure>\n\n\n\n<figure class=\"wp-block-image size-full is-resized\"><img decoding=\"async\" loading=\"lazy\" src=\"https:\/\/jardin-kreol.com\/wp-content\/uploads\/2021\/10\/received_312618770626565.jpeg\" alt=\"\" class=\"wp-image-1923\" width=\"295\" height=\"391\"\/><\/figure>\n\n\n\n<p>Le soleil, le ciel bleu, des paysages \u00e0 couper le souffle. La  R\u00e9union ne laisse pas indiff\u00e9rente !<\/p>\n\n\n\n<p>Ma vir\u00e9e \u00e0 la pointe au sel a \u00e9t\u00e9 grandiose. <\/p>\n\n\n\n<p>Que du bonheur \u00e0 red\u00e9couvrir mon \u00eele! <\/p>\n<div class='watch-action'><div class='watch-position align-left'><div class='action-like'><a class='lbg-style1 like-1921 jlk' href='javascript:void(0)' data-task='like' data-post_id='1921' data-nonce='a6ae171e5d' rel='nofollow'><img class='wti-pixel' src='https:\/\/jardin-kreol.com\/wp-content\/plugins\/wti-like-post\/images\/pixel.gif' title='comme' \/><span class='lc-1921 lc'>0<\/span><\/a><\/div><div class='action-unlike'><a class='unlbg-style1 unlike-1921 jlk' href='javascript:void(0)' data-task='unlike' data-post_id='1921' data-nonce='a6ae171e5d' rel='nofollow'><img class='wti-pixel' src='https:\/\/jardin-kreol.com\/wp-content\/plugins\/wti-like-post\/images\/pixel.gif' title='contrairement \u00e0' \/><span class='unlc-1921 unlc'>0<\/span><\/a><\/div> <\/div> <div class='status-1921 status align-left'><\/div><\/div><div class='wti-clear'><\/div>","protected":false},"excerpt":{"rendered":"<p>Je partage avec vous ma petite vir\u00e9e \u00e0 la pointe au sel. Un site extra sur la c\u00f4te ouest de la R\u00e9union, \u00e0 la sortie de St Leu. Un contraste surprenant qui en met plein la vue. Une v\u00e9g\u00e9tation type savane, les roches volcaniques, l&rsquo;oc\u00e9an. Une petite crique naturelle , le bassin caverne au top. &hellip; <\/p>\n<p class=\"link-more\"><a href=\"https:\/\/jardin-kreol.com\/index.php\/2021\/10\/13\/pointe-au-sel-974\/\" class=\"more-link\">Continuer la lecture<span class=\"screen-reader-text\"> de &laquo;&nbsp;Pointe au sel 974&nbsp;&raquo;<\/span><\/a><\/p>\n","protected":false},"author":1,"featured_media":0,"comment_status":"open","ping_status":"open","sticky":false,"template":"","format":"standard","meta":{"footnotes":""},"categories":[207],"tags":[8],"yoast_head":"<!-- This site is optimized with the Yoast SEO plugin v20.3 - https:\/\/yoast.com\/wordpress\/plugins\/seo\/ -->\n<title>Pointe au sel 974 - www.jardin-kreol.com<\/title>\n<meta name=\"description\" content=\"Balade \u00e0 la pointe au sel dans l&#039;ouest de l&#039;ile de Reunion. Situ\u00e9 \u00e0 la sortie de St Leu. A voir aussi le mus\u00e9e du sel\" \/>\n<meta name=\"robots\" content=\"index, follow, max-snippet:-1, max-image-preview:large, max-video-preview:-1\" \/>\n<link rel=\"canonical\" href=\"https:\/\/jardin-kreol.com\/index.php\/2021\/10\/13\/pointe-au-sel-974\/\" \/>\n<meta property=\"og:locale\" content=\"fr_FR\" \/>\n<meta property=\"og:type\" content=\"article\" \/>\n<meta property=\"og:title\" content=\"Pointe au sel 974 - www.jardin-kreol.com\" \/>\n<meta property=\"og:description\" content=\"Balade \u00e0 la pointe au sel dans l&#039;ouest de l&#039;ile de Reunion. Situ\u00e9 \u00e0 la sortie de St Leu. A voir aussi le mus\u00e9e du sel\" \/>\n<meta property=\"og:url\" content=\"https:\/\/jardin-kreol.com\/index.php\/2021\/10\/13\/pointe-au-sel-974\/\" \/>\n<meta property=\"og:site_name\" content=\"www.jardin-kreol.com\" \/>\n<meta property=\"article:published_time\" content=\"2021-10-13T10:30:18+00:00\" \/>\n<meta property=\"article:modified_time\" content=\"2022-09-14T09:28:23+00:00\" \/>\n<meta property=\"og:image\" content=\"http:\/\/jardin-kreol.com\/wp-content\/uploads\/2021\/10\/received_1815409088645966.jpeg\" \/>\n<meta name=\"author\" content=\"admin7052\" \/>\n<meta name=\"twitter:card\" content=\"summary_large_image\" \/>\n<meta name=\"twitter:label1\" content=\"\u00c9crit par\" \/>\n\t<meta name=\"twitter:data1\" content=\"admin7052\" \/>\n\t<meta name=\"twitter:label2\" content=\"Dur\u00e9e de lecture estim\u00e9e\" \/>\n\t<meta name=\"twitter:data2\" content=\"1 minute\" \/>\n<script type=\"application\/ld+json\" class=\"yoast-schema-graph\">{\"@context\":\"https:\/\/schema.org\",\"@graph\":[{\"@type\":\"Article\",\"@id\":\"https:\/\/jardin-kreol.com\/index.php\/2021\/10\/13\/pointe-au-sel-974\/#article\",\"isPartOf\":{\"@id\":\"https:\/\/jardin-kreol.com\/index.php\/2021\/10\/13\/pointe-au-sel-974\/\"},\"author\":{\"name\":\"admin7052\",\"@id\":\"https:\/\/jardin-kreol.com\/#\/schema\/person\/486615fe8b2329cb69f4ccb2f7cc8ceb\"},\"headline\":\"Pointe au sel 974\",\"datePublished\":\"2021-10-13T10:30:18+00:00\",\"dateModified\":\"2022-09-14T09:28:23+00:00\",\"mainEntityOfPage\":{\"@id\":\"https:\/\/jardin-kreol.com\/index.php\/2021\/10\/13\/pointe-au-sel-974\/\"},\"wordCount\":137,\"commentCount\":0,\"publisher\":{\"@id\":\"https:\/\/jardin-kreol.com\/#organization\"},\"keywords\":[\"\u00eele de la R\u00e9union\"],\"articleSection\":[\"Vir\u00e9e p\u00e9i 974\"],\"inLanguage\":\"fr-FR\",\"potentialAction\":[{\"@type\":\"CommentAction\",\"name\":\"Comment\",\"target\":[\"https:\/\/jardin-kreol.com\/index.php\/2021\/10\/13\/pointe-au-sel-974\/#respond\"]}]},{\"@type\":\"WebPage\",\"@id\":\"https:\/\/jardin-kreol.com\/index.php\/2021\/10\/13\/pointe-au-sel-974\/\",\"url\":\"https:\/\/jardin-kreol.com\/index.php\/2021\/10\/13\/pointe-au-sel-974\/\",\"name\":\"Pointe au sel 974 - www.jardin-kreol.com\",\"isPartOf\":{\"@id\":\"https:\/\/jardin-kreol.com\/#website\"},\"datePublished\":\"2021-10-13T10:30:18+00:00\",\"dateModified\":\"2022-09-14T09:28:23+00:00\",\"description\":\"Balade \u00e0 la pointe au sel dans l'ouest de l'ile de Reunion. Situ\u00e9 \u00e0 la sortie de St Leu. A voir aussi le mus\u00e9e du sel\",\"breadcrumb\":{\"@id\":\"https:\/\/jardin-kreol.com\/index.php\/2021\/10\/13\/pointe-au-sel-974\/#breadcrumb\"},\"inLanguage\":\"fr-FR\",\"potentialAction\":[{\"@type\":\"ReadAction\",\"target\":[\"https:\/\/jardin-kreol.com\/index.php\/2021\/10\/13\/pointe-au-sel-974\/\"]}]},{\"@type\":\"BreadcrumbList\",\"@id\":\"https:\/\/jardin-kreol.com\/index.php\/2021\/10\/13\/pointe-au-sel-974\/#breadcrumb\",\"itemListElement\":[{\"@type\":\"ListItem\",\"position\":1,\"name\":\"Accueil\",\"item\":\"https:\/\/jardin-kreol.com\/\"},{\"@type\":\"ListItem\",\"position\":2,\"name\":\"Pointe au sel 974\"}]},{\"@type\":\"WebSite\",\"@id\":\"https:\/\/jardin-kreol.com\/#website\",\"url\":\"https:\/\/jardin-kreol.com\/\",\"name\":\"www.jardin-kreol.com\",\"description\":\"\",\"publisher\":{\"@id\":\"https:\/\/jardin-kreol.com\/#organization\"},\"potentialAction\":[{\"@type\":\"SearchAction\",\"target\":{\"@type\":\"EntryPoint\",\"urlTemplate\":\"https:\/\/jardin-kreol.com\/?s={search_term_string}\"},\"query-input\":\"required name=search_term_string\"}],\"inLanguage\":\"fr-FR\"},{\"@type\":\"Organization\",\"@id\":\"https:\/\/jardin-kreol.com\/#organization\",\"name\":\"www.jardin-kreol.com\",\"url\":\"https:\/\/jardin-kreol.com\/\",\"logo\":{\"@type\":\"ImageObject\",\"inLanguage\":\"fr-FR\",\"@id\":\"https:\/\/jardin-kreol.com\/#\/schema\/logo\/image\/\",\"url\":\"https:\/\/jardin-kreol.com\/wp-content\/uploads\/2020\/07\/cropped-received_504685100322529.jpeg\",\"contentUrl\":\"https:\/\/jardin-kreol.com\/wp-content\/uploads\/2020\/07\/cropped-received_504685100322529.jpeg\",\"width\":250,\"height\":250,\"caption\":\"www.jardin-kreol.com\"},\"image\":{\"@id\":\"https:\/\/jardin-kreol.com\/#\/schema\/logo\/image\/\"}},{\"@type\":\"Person\",\"@id\":\"https:\/\/jardin-kreol.com\/#\/schema\/person\/486615fe8b2329cb69f4ccb2f7cc8ceb\",\"name\":\"admin7052\",\"image\":{\"@type\":\"ImageObject\",\"inLanguage\":\"fr-FR\",\"@id\":\"https:\/\/jardin-kreol.com\/#\/schema\/person\/image\/\",\"url\":\"https:\/\/secure.gravatar.com\/avatar\/51a9556fda92d2b25d4069b3a2460d40?s=96&d=mm&r=g\",\"contentUrl\":\"https:\/\/secure.gravatar.com\/avatar\/51a9556fda92d2b25d4069b3a2460d40?s=96&d=mm&r=g\",\"caption\":\"admin7052\"},\"url\":\"https:\/\/jardin-kreol.com\/index.php\/author\/admin7052\/\"}]}<\/script>\n<!-- \/ Yoast SEO plugin. -->","yoast_head_json":{"title":"Pointe au sel 974 - www.jardin-kreol.com","description":"Balade \u00e0 la pointe au sel dans l'ouest de l'ile de Reunion. Situ\u00e9 \u00e0 la sortie de St Leu. A voir aussi le mus\u00e9e du sel","robots":{"index":"index","follow":"follow","max-snippet":"max-snippet:-1","max-image-preview":"max-image-preview:large","max-video-preview":"max-video-preview:-1"},"canonical":"https:\/\/jardin-kreol.com\/index.php\/2021\/10\/13\/pointe-au-sel-974\/","og_locale":"fr_FR","og_type":"article","og_title":"Pointe au sel 974 - www.jardin-kreol.com","og_description":"Balade \u00e0 la pointe au sel dans l'ouest de l'ile de Reunion. Situ\u00e9 \u00e0 la sortie de St Leu. A voir aussi le mus\u00e9e du sel","og_url":"https:\/\/jardin-kreol.com\/index.php\/2021\/10\/13\/pointe-au-sel-974\/","og_site_name":"www.jardin-kreol.com","article_published_time":"2021-10-13T10:30:18+00:00","article_modified_time":"2022-09-14T09:28:23+00:00","og_image":[{"url":"http:\/\/jardin-kreol.com\/wp-content\/uploads\/2021\/10\/received_1815409088645966.jpeg"}],"author":"admin7052","twitter_card":"summary_large_image","twitter_misc":{"\u00c9crit par":"admin7052","Dur\u00e9e de lecture estim\u00e9e":"1 minute"},"schema":{"@context":"https:\/\/schema.org","@graph":[{"@type":"Article","@id":"https:\/\/jardin-kreol.com\/index.php\/2021\/10\/13\/pointe-au-sel-974\/#article","isPartOf":{"@id":"https:\/\/jardin-kreol.com\/index.php\/2021\/10\/13\/pointe-au-sel-974\/"},"author":{"name":"admin7052","@id":"https:\/\/jardin-kreol.com\/#\/schema\/person\/486615fe8b2329cb69f4ccb2f7cc8ceb"},"headline":"Pointe au sel 974","datePublished":"2021-10-13T10:30:18+00:00","dateModified":"2022-09-14T09:28:23+00:00","mainEntityOfPage":{"@id":"https:\/\/jardin-kreol.com\/index.php\/2021\/10\/13\/pointe-au-sel-974\/"},"wordCount":137,"commentCount":0,"publisher":{"@id":"https:\/\/jardin-kreol.com\/#organization"},"keywords":["\u00eele de la R\u00e9union"],"articleSection":["Vir\u00e9e p\u00e9i 974"],"inLanguage":"fr-FR","potentialAction":[{"@type":"CommentAction","name":"Comment","target":["https:\/\/jardin-kreol.com\/index.php\/2021\/10\/13\/pointe-au-sel-974\/#respond"]}]},{"@type":"WebPage","@id":"https:\/\/jardin-kreol.com\/index.php\/2021\/10\/13\/pointe-au-sel-974\/","url":"https:\/\/jardin-kreol.com\/index.php\/2021\/10\/13\/pointe-au-sel-974\/","name":"Pointe au sel 974 - www.jardin-kreol.com","isPartOf":{"@id":"https:\/\/jardin-kreol.com\/#website"},"datePublished":"2021-10-13T10:30:18+00:00","dateModified":"2022-09-14T09:28:23+00:00","description":"Balade \u00e0 la pointe au sel dans l'ouest de l'ile de Reunion. Situ\u00e9 \u00e0 la sortie de St Leu. A voir aussi le mus\u00e9e du sel","breadcrumb":{"@id":"https:\/\/jardin-kreol.com\/index.php\/2021\/10\/13\/pointe-au-sel-974\/#breadcrumb"},"inLanguage":"fr-FR","potentialAction":[{"@type":"ReadAction","target":["https:\/\/jardin-kreol.com\/index.php\/2021\/10\/13\/pointe-au-sel-974\/"]}]},{"@type":"BreadcrumbList","@id":"https:\/\/jardin-kreol.com\/index.php\/2021\/10\/13\/pointe-au-sel-974\/#breadcrumb","itemListElement":[{"@type":"ListItem","position":1,"name":"Accueil","item":"https:\/\/jardin-kreol.com\/"},{"@type":"ListItem","position":2,"name":"Pointe au sel 974"}]},{"@type":"WebSite","@id":"https:\/\/jardin-kreol.com\/#website","url":"https:\/\/jardin-kreol.com\/","name":"www.jardin-kreol.com","description":"","publisher":{"@id":"https:\/\/jardin-kreol.com\/#organization"},"potentialAction":[{"@type":"SearchAction","target":{"@type":"EntryPoint","urlTemplate":"https:\/\/jardin-kreol.com\/?s={search_term_string}"},"query-input":"required name=search_term_string"}],"inLanguage":"fr-FR"},{"@type":"Organization","@id":"https:\/\/jardin-kreol.com\/#organization","name":"www.jardin-kreol.com","url":"https:\/\/jardin-kreol.com\/","logo":{"@type":"ImageObject","inLanguage":"fr-FR","@id":"https:\/\/jardin-kreol.com\/#\/schema\/logo\/image\/","url":"https:\/\/jardin-kreol.com\/wp-content\/uploads\/2020\/07\/cropped-received_504685100322529.jpeg","contentUrl":"https:\/\/jardin-kreol.com\/wp-content\/uploads\/2020\/07\/cropped-received_504685100322529.jpeg","width":250,"height":250,"caption":"www.jardin-kreol.com"},"image":{"@id":"https:\/\/jardin-kreol.com\/#\/schema\/logo\/image\/"}},{"@type":"Person","@id":"https:\/\/jardin-kreol.com\/#\/schema\/person\/486615fe8b2329cb69f4ccb2f7cc8ceb","name":"admin7052","image":{"@type":"ImageObject","inLanguage":"fr-FR","@id":"https:\/\/jardin-kreol.com\/#\/schema\/person\/image\/","url":"https:\/\/secure.gravatar.com\/avatar\/51a9556fda92d2b25d4069b3a2460d40?s=96&d=mm&r=g","contentUrl":"https:\/\/secure.gravatar.com\/avatar\/51a9556fda92d2b25d4069b3a2460d40?s=96&d=mm&r=g","caption":"admin7052"},"url":"https:\/\/jardin-kreol.com\/index.php\/author\/admin7052\/"}]}},"_links":{"self":[{"href":"https:\/\/jardin-kreol.com\/index.php\/wp-json\/wp\/v2\/posts\/1921"}],"collection":[{"href":"https:\/\/jardin-kreol.com\/index.php\/wp-json\/wp\/v2\/posts"}],"about":[{"href":"https:\/\/jardin-kreol.com\/index.php\/wp-json\/wp\/v2\/types\/post"}],"author":[{"embeddable":true,"href":"https:\/\/jardin-kreol.com\/index.php\/wp-json\/wp\/v2\/users\/1"}],"replies":[{"embeddable":true,"href":"https:\/\/jardin-kreol.com\/index.php\/wp-json\/wp\/v2\/comments?post=1921"}],"version-history":[{"count":1,"href":"https:\/\/jardin-kreol.com\/index.php\/wp-json\/wp\/v2\/posts\/1921\/revisions"}],"predecessor-version":[{"id":1924,"href":"https:\/\/jardin-kreol.com\/index.php\/wp-json\/wp\/v2\/posts\/1921\/revisions\/1924"}],"wp:attachment":[{"href":"https:\/\/jardin-kreol.com\/index.php\/wp-json\/wp\/v2\/media?parent=1921"}],"wp:term":[{"taxonomy":"category","embeddable":true,"href":"https:\/\/jardin-kreol.com\/index.php\/wp-json\/wp\/v2\/categories?post=1921"},{"taxonomy":"post_tag","embeddable":true,"href":"https:\/\/jardin-kreol.com\/index.php\/wp-json\/wp\/v2\/tags?post=1921"}],"curies":[{"name":"wp","href":"https:\/\/api.w.org\/{rel}","templated":true}]}}