{"id":1120,"date":"2019-10-10T17:10:11","date_gmt":"2019-10-10T15:10:11","guid":{"rendered":"http:\/\/jardin-kreol.com\/?p=1120"},"modified":"2022-09-14T12:28:40","modified_gmt":"2022-09-14T10:28:40","slug":"une-nature-exceptionnelle-une-ile-la-reunion","status":"publish","type":"post","link":"https:\/\/jardin-kreol.com\/index.php\/2019\/10\/10\/une-nature-exceptionnelle-une-ile-la-reunion\/","title":{"rendered":"Une nature exceptionnelle, une  \u00eele:  la R\u00e9union."},"content":{"rendered":"\n<p><\/p>\n\n\n\n<p><\/p>\n\n\n\n<p>En ce moment  sur mon \u00eele il y a  un avant go\u00fbt de fin d&rsquo;ann\u00e9e.  Je peux  dire \u00e7a me manque &#8230;Mi veux retourner la bas  ou sa moins l\u00e9 n\u00e9e&#8230;<\/p>\n\n\n\n<figure class=\"wp-block-embed is-type-video is-provider-youtube wp-block-embed-youtube wp-embed-aspect-4-3 wp-has-aspect-ratio\"><div class=\"wp-block-embed__wrapper\">\n<iframe loading=\"lazy\" title=\"JOEL VIGNE MI VEUX RETOURNER LA BAS  SEGA\" width=\"525\" height=\"394\" src=\"https:\/\/www.youtube.com\/embed\/TFD7mH-mXc8?feature=oembed\" frameborder=\"0\" allow=\"accelerometer; autoplay; encrypted-media; gyroscope; picture-in-picture\" allowfullscreen><\/iframe>\n<\/div><figcaption>Un bon ptit s\u00e9ga&#8230;Joel vigne : mi veux retourner la bas .<\/figcaption><\/figure>\n\n\n\n<p>En plus  bient\u00f4t l&rsquo;\u00e9t\u00e9 austral  avec des temp\u00e9ratures au moins \u00e0 30\u00b0. La nature est  d\u00e9j\u00e0 resplendissante. Les fruits exotiques foisonnent sur les \u00e9tales des march\u00e9s.. Le plus surprenant pour un mois d&rsquo;octobre le litchis fait son apparition . R\u00e9chauffement ou pas? en tout cas il y a les litchis d&rsquo;octobre&#8230; <\/p>\n\n\n\n<figure class=\"wp-block-image\"><img decoding=\"async\" loading=\"lazy\" width=\"1024\" height=\"1024\" src=\"https:\/\/jardin-kreol.com\/wp-content\/uploads\/2019\/10\/72159227_783708732084261_1885594267619950592_n-1024x1024.jpg\" alt=\"\" class=\"wp-image-1122\" srcset=\"https:\/\/jardin-kreol.com\/wp-content\/uploads\/2019\/10\/72159227_783708732084261_1885594267619950592_n-1024x1024.jpg 1024w, https:\/\/jardin-kreol.com\/wp-content\/uploads\/2019\/10\/72159227_783708732084261_1885594267619950592_n-150x150.jpg 150w, https:\/\/jardin-kreol.com\/wp-content\/uploads\/2019\/10\/72159227_783708732084261_1885594267619950592_n-300x300.jpg 300w, https:\/\/jardin-kreol.com\/wp-content\/uploads\/2019\/10\/72159227_783708732084261_1885594267619950592_n-768x768.jpg 768w, https:\/\/jardin-kreol.com\/wp-content\/uploads\/2019\/10\/72159227_783708732084261_1885594267619950592_n-100x100.jpg 100w, https:\/\/jardin-kreol.com\/wp-content\/uploads\/2019\/10\/72159227_783708732084261_1885594267619950592_n.jpg 1440w\" sizes=\"(max-width: 767px) 89vw, (max-width: 1000px) 54vw, (max-width: 1071px) 543px, 580px\" \/><figcaption>Litchis d&rsquo;octobre.<br><\/figcaption><\/figure>\n\n\n\n<p>En attendant ceux de la fin d&rsquo;ann\u00e9e&#8230;.<\/p>\n\n\n\n<figure class=\"wp-block-image\"><img decoding=\"async\" loading=\"lazy\" width=\"762\" height=\"1024\" src=\"https:\/\/jardin-kreol.com\/wp-content\/uploads\/2019\/10\/71970811_396327631312440_3598629771627462656_n-762x1024.jpg\" alt=\"\" class=\"wp-image-1123\" srcset=\"https:\/\/jardin-kreol.com\/wp-content\/uploads\/2019\/10\/71970811_396327631312440_3598629771627462656_n-762x1024.jpg 762w, https:\/\/jardin-kreol.com\/wp-content\/uploads\/2019\/10\/71970811_396327631312440_3598629771627462656_n-223x300.jpg 223w, https:\/\/jardin-kreol.com\/wp-content\/uploads\/2019\/10\/71970811_396327631312440_3598629771627462656_n-768x1033.jpg 768w, https:\/\/jardin-kreol.com\/wp-content\/uploads\/2019\/10\/71970811_396327631312440_3598629771627462656_n.jpg 1312w\" sizes=\"(max-width: 706px) 89vw, (max-width: 767px) 82vw, 740px\" \/><\/figure>\n\n\n\n<p>J&rsquo;aime cette p\u00e9riode , quand la nature s&rsquo;\u00e9veille. Comme apr\u00e8s un grand sommeil. Une explosion de couleurs, sous un doux soleil.  J&rsquo;aime ces fleurs naturelles . Une bouff\u00e9e de fra\u00eecheur . Qui met du baume au coeur.  <\/p>\n\n\n\n<figure class=\"wp-block-image\"><img decoding=\"async\" loading=\"lazy\" width=\"762\" height=\"1024\" src=\"https:\/\/jardin-kreol.com\/wp-content\/uploads\/2019\/10\/72533975_2486780568224411_3821447873170505728_n-762x1024.jpg\" alt=\"\" class=\"wp-image-1124\" srcset=\"https:\/\/jardin-kreol.com\/wp-content\/uploads\/2019\/10\/72533975_2486780568224411_3821447873170505728_n-762x1024.jpg 762w, https:\/\/jardin-kreol.com\/wp-content\/uploads\/2019\/10\/72533975_2486780568224411_3821447873170505728_n-223x300.jpg 223w, https:\/\/jardin-kreol.com\/wp-content\/uploads\/2019\/10\/72533975_2486780568224411_3821447873170505728_n-768x1033.jpg 768w, https:\/\/jardin-kreol.com\/wp-content\/uploads\/2019\/10\/72533975_2486780568224411_3821447873170505728_n.jpg 1312w\" sizes=\"(max-width: 706px) 89vw, (max-width: 767px) 82vw, 740px\" \/><figcaption>Franciscea ou brunfelsia uniflora  nomm\u00e9 aussi hier  aujourd&rsquo;hui demain.<\/figcaption><\/figure>\n\n\n\n<p> Franciscea un arbuste \u00e0 fleurs odorantes qui  embaume aussi  les jardins cr\u00e9oles . Un parfum d&rsquo;enfance pour moi.. <\/p>\n\n\n\n<p>Le pays de mon enfance authentique . Des points  de vues panoramiques. Des sentiers bord\u00e9s de plantes end\u00e9miques. Des for\u00eats magiques.  Une carte postale ensoleill\u00e9e..C&rsquo;est \u00e7a la terre ou je suis n\u00e9e.. La R\u00e9union une  \u00eele fantastique.<\/p>\n\n\n\n<p>L&rsquo;\u00e9t\u00e9 austral : de novembre \u00e0 avril. Si zot y veux bat kar\u00e9 \u00e0 la R\u00e9union.  L&rsquo;inconv\u00e9nient c&rsquo;est \u00e9galement  la saison cyclonique. Mais la fin de l&rsquo;ann\u00e9e l&rsquo;ambiance est particuli\u00e8re ..Une ambiance chaude , comme le climat.  Le paysage color\u00e9  je vous assure est unique. <\/p>\n\n\n\n<p>Un \u00e9v\u00e8nement \u00e0 ne pas manquer si vous \u00eates \u00e0 la R\u00e9union . La 36 \u00e8me \u00e9dition des floril\u00e8ges. Le th\u00e8me : mon jardin pousse , ma maison respire. Du 11 au 20 octobre 2019  au tampon ( ville du sud de l&rsquo;\u00eele).  Un grand rendez-vous pour les amateurs de plantes.  <\/p>\n<div class='watch-action'><div class='watch-position align-left'><div class='action-like'><a class='lbg-style1 like-1120 jlk' href='javascript:void(0)' data-task='like' data-post_id='1120' data-nonce='a6ae171e5d' rel='nofollow'><img class='wti-pixel' src='https:\/\/jardin-kreol.com\/wp-content\/plugins\/wti-like-post\/images\/pixel.gif' title='comme' \/><span class='lc-1120 lc'>+40<\/span><\/a><\/div><div class='action-unlike'><a class='unlbg-style1 unlike-1120 jlk' href='javascript:void(0)' data-task='unlike' data-post_id='1120' data-nonce='a6ae171e5d' rel='nofollow'><img class='wti-pixel' src='https:\/\/jardin-kreol.com\/wp-content\/plugins\/wti-like-post\/images\/pixel.gif' title='contrairement \u00e0' \/><span class='unlc-1120 unlc'>0<\/span><\/a><\/div> <\/div> <div class='status-1120 status align-left'><\/div><\/div><div class='wti-clear'><\/div>","protected":false},"excerpt":{"rendered":"<p>En ce moment sur mon \u00eele il y a un avant go\u00fbt de fin d&rsquo;ann\u00e9e. Je peux dire \u00e7a me manque &#8230;Mi veux retourner la bas ou sa moins l\u00e9 n\u00e9e&#8230; En plus bient\u00f4t l&rsquo;\u00e9t\u00e9 austral avec des temp\u00e9ratures au moins \u00e0 30\u00b0. La nature est d\u00e9j\u00e0 resplendissante. Les fruits exotiques foisonnent sur les \u00e9tales &hellip; <\/p>\n<p class=\"link-more\"><a href=\"https:\/\/jardin-kreol.com\/index.php\/2019\/10\/10\/une-nature-exceptionnelle-une-ile-la-reunion\/\" class=\"more-link\">Continuer la lecture<span class=\"screen-reader-text\"> de &laquo;&nbsp;Une nature exceptionnelle, une  \u00eele:  la R\u00e9union.&nbsp;&raquo;<\/span><\/a><\/p>\n","protected":false},"author":1,"featured_media":0,"comment_status":"open","ping_status":"open","sticky":false,"template":"","format":"standard","meta":{"footnotes":""},"categories":[207],"tags":[8],"yoast_head":"<!-- This site is optimized with the Yoast SEO plugin v20.3 - https:\/\/yoast.com\/wordpress\/plugins\/seo\/ -->\n<title>Une nature exceptionnelle, une \u00eele: la R\u00e9union. - www.jardin-kreol.com<\/title>\n<meta name=\"robots\" content=\"index, follow, max-snippet:-1, max-image-preview:large, max-video-preview:-1\" \/>\n<link rel=\"canonical\" href=\"https:\/\/jardin-kreol.com\/index.php\/2019\/10\/10\/une-nature-exceptionnelle-une-ile-la-reunion\/\" \/>\n<meta property=\"og:locale\" content=\"fr_FR\" \/>\n<meta property=\"og:type\" content=\"article\" \/>\n<meta property=\"og:title\" content=\"Une nature exceptionnelle, une \u00eele: la R\u00e9union. - www.jardin-kreol.com\" \/>\n<meta property=\"og:description\" content=\"En ce moment sur mon \u00eele il y a un avant go\u00fbt de fin d&rsquo;ann\u00e9e. Je peux dire \u00e7a me manque &#8230;Mi veux retourner la bas ou sa moins l\u00e9 n\u00e9e&#8230; En plus bient\u00f4t l&rsquo;\u00e9t\u00e9 austral avec des temp\u00e9ratures au moins \u00e0 30\u00b0. La nature est d\u00e9j\u00e0 resplendissante. Les fruits exotiques foisonnent sur les \u00e9tales &hellip; Continuer la lecture de &laquo;&nbsp;Une nature exceptionnelle, une \u00eele: la R\u00e9union.&nbsp;&raquo;\" \/>\n<meta property=\"og:url\" content=\"https:\/\/jardin-kreol.com\/index.php\/2019\/10\/10\/une-nature-exceptionnelle-une-ile-la-reunion\/\" \/>\n<meta property=\"og:site_name\" content=\"www.jardin-kreol.com\" \/>\n<meta property=\"article:published_time\" content=\"2019-10-10T15:10:11+00:00\" \/>\n<meta property=\"article:modified_time\" content=\"2022-09-14T10:28:40+00:00\" \/>\n<meta property=\"og:image\" content=\"http:\/\/jardin-kreol.com\/wp-content\/uploads\/2019\/10\/72159227_783708732084261_1885594267619950592_n-1024x1024.jpg\" \/>\n<meta name=\"author\" content=\"admin7052\" \/>\n<meta name=\"twitter:card\" content=\"summary_large_image\" \/>\n<meta name=\"twitter:label1\" content=\"\u00c9crit par\" \/>\n\t<meta name=\"twitter:data1\" content=\"admin7052\" \/>\n\t<meta name=\"twitter:label2\" content=\"Dur\u00e9e de lecture estim\u00e9e\" \/>\n\t<meta name=\"twitter:data2\" content=\"2 minutes\" \/>\n<script type=\"application\/ld+json\" class=\"yoast-schema-graph\">{\"@context\":\"https:\/\/schema.org\",\"@graph\":[{\"@type\":\"Article\",\"@id\":\"https:\/\/jardin-kreol.com\/index.php\/2019\/10\/10\/une-nature-exceptionnelle-une-ile-la-reunion\/#article\",\"isPartOf\":{\"@id\":\"https:\/\/jardin-kreol.com\/index.php\/2019\/10\/10\/une-nature-exceptionnelle-une-ile-la-reunion\/\"},\"author\":{\"name\":\"admin7052\",\"@id\":\"https:\/\/jardin-kreol.com\/#\/schema\/person\/486615fe8b2329cb69f4ccb2f7cc8ceb\"},\"headline\":\"Une nature exceptionnelle, une \u00eele: la R\u00e9union.\",\"datePublished\":\"2019-10-10T15:10:11+00:00\",\"dateModified\":\"2022-09-14T10:28:40+00:00\",\"mainEntityOfPage\":{\"@id\":\"https:\/\/jardin-kreol.com\/index.php\/2019\/10\/10\/une-nature-exceptionnelle-une-ile-la-reunion\/\"},\"wordCount\":323,\"commentCount\":0,\"publisher\":{\"@id\":\"https:\/\/jardin-kreol.com\/#organization\"},\"keywords\":[\"\u00eele de la R\u00e9union\"],\"articleSection\":[\"Vir\u00e9e p\u00e9i 974\"],\"inLanguage\":\"fr-FR\",\"potentialAction\":[{\"@type\":\"CommentAction\",\"name\":\"Comment\",\"target\":[\"https:\/\/jardin-kreol.com\/index.php\/2019\/10\/10\/une-nature-exceptionnelle-une-ile-la-reunion\/#respond\"]}]},{\"@type\":\"WebPage\",\"@id\":\"https:\/\/jardin-kreol.com\/index.php\/2019\/10\/10\/une-nature-exceptionnelle-une-ile-la-reunion\/\",\"url\":\"https:\/\/jardin-kreol.com\/index.php\/2019\/10\/10\/une-nature-exceptionnelle-une-ile-la-reunion\/\",\"name\":\"Une nature exceptionnelle, une \u00eele: la R\u00e9union. - www.jardin-kreol.com\",\"isPartOf\":{\"@id\":\"https:\/\/jardin-kreol.com\/#website\"},\"datePublished\":\"2019-10-10T15:10:11+00:00\",\"dateModified\":\"2022-09-14T10:28:40+00:00\",\"breadcrumb\":{\"@id\":\"https:\/\/jardin-kreol.com\/index.php\/2019\/10\/10\/une-nature-exceptionnelle-une-ile-la-reunion\/#breadcrumb\"},\"inLanguage\":\"fr-FR\",\"potentialAction\":[{\"@type\":\"ReadAction\",\"target\":[\"https:\/\/jardin-kreol.com\/index.php\/2019\/10\/10\/une-nature-exceptionnelle-une-ile-la-reunion\/\"]}]},{\"@type\":\"BreadcrumbList\",\"@id\":\"https:\/\/jardin-kreol.com\/index.php\/2019\/10\/10\/une-nature-exceptionnelle-une-ile-la-reunion\/#breadcrumb\",\"itemListElement\":[{\"@type\":\"ListItem\",\"position\":1,\"name\":\"Accueil\",\"item\":\"https:\/\/jardin-kreol.com\/\"},{\"@type\":\"ListItem\",\"position\":2,\"name\":\"Une nature exceptionnelle, une \u00eele: la R\u00e9union.\"}]},{\"@type\":\"WebSite\",\"@id\":\"https:\/\/jardin-kreol.com\/#website\",\"url\":\"https:\/\/jardin-kreol.com\/\",\"name\":\"www.jardin-kreol.com\",\"description\":\"\",\"publisher\":{\"@id\":\"https:\/\/jardin-kreol.com\/#organization\"},\"potentialAction\":[{\"@type\":\"SearchAction\",\"target\":{\"@type\":\"EntryPoint\",\"urlTemplate\":\"https:\/\/jardin-kreol.com\/?s={search_term_string}\"},\"query-input\":\"required name=search_term_string\"}],\"inLanguage\":\"fr-FR\"},{\"@type\":\"Organization\",\"@id\":\"https:\/\/jardin-kreol.com\/#organization\",\"name\":\"www.jardin-kreol.com\",\"url\":\"https:\/\/jardin-kreol.com\/\",\"logo\":{\"@type\":\"ImageObject\",\"inLanguage\":\"fr-FR\",\"@id\":\"https:\/\/jardin-kreol.com\/#\/schema\/logo\/image\/\",\"url\":\"https:\/\/jardin-kreol.com\/wp-content\/uploads\/2020\/07\/cropped-received_504685100322529.jpeg\",\"contentUrl\":\"https:\/\/jardin-kreol.com\/wp-content\/uploads\/2020\/07\/cropped-received_504685100322529.jpeg\",\"width\":250,\"height\":250,\"caption\":\"www.jardin-kreol.com\"},\"image\":{\"@id\":\"https:\/\/jardin-kreol.com\/#\/schema\/logo\/image\/\"}},{\"@type\":\"Person\",\"@id\":\"https:\/\/jardin-kreol.com\/#\/schema\/person\/486615fe8b2329cb69f4ccb2f7cc8ceb\",\"name\":\"admin7052\",\"image\":{\"@type\":\"ImageObject\",\"inLanguage\":\"fr-FR\",\"@id\":\"https:\/\/jardin-kreol.com\/#\/schema\/person\/image\/\",\"url\":\"https:\/\/secure.gravatar.com\/avatar\/51a9556fda92d2b25d4069b3a2460d40?s=96&d=mm&r=g\",\"contentUrl\":\"https:\/\/secure.gravatar.com\/avatar\/51a9556fda92d2b25d4069b3a2460d40?s=96&d=mm&r=g\",\"caption\":\"admin7052\"},\"url\":\"https:\/\/jardin-kreol.com\/index.php\/author\/admin7052\/\"}]}<\/script>\n<!-- \/ Yoast SEO plugin. -->","yoast_head_json":{"title":"Une nature exceptionnelle, une \u00eele: la R\u00e9union. - www.jardin-kreol.com","robots":{"index":"index","follow":"follow","max-snippet":"max-snippet:-1","max-image-preview":"max-image-preview:large","max-video-preview":"max-video-preview:-1"},"canonical":"https:\/\/jardin-kreol.com\/index.php\/2019\/10\/10\/une-nature-exceptionnelle-une-ile-la-reunion\/","og_locale":"fr_FR","og_type":"article","og_title":"Une nature exceptionnelle, une \u00eele: la R\u00e9union. - www.jardin-kreol.com","og_description":"En ce moment sur mon \u00eele il y a un avant go\u00fbt de fin d&rsquo;ann\u00e9e. Je peux dire \u00e7a me manque &#8230;Mi veux retourner la bas ou sa moins l\u00e9 n\u00e9e&#8230; En plus bient\u00f4t l&rsquo;\u00e9t\u00e9 austral avec des temp\u00e9ratures au moins \u00e0 30\u00b0. La nature est d\u00e9j\u00e0 resplendissante. Les fruits exotiques foisonnent sur les \u00e9tales &hellip; Continuer la lecture de &laquo;&nbsp;Une nature exceptionnelle, une \u00eele: la R\u00e9union.&nbsp;&raquo;","og_url":"https:\/\/jardin-kreol.com\/index.php\/2019\/10\/10\/une-nature-exceptionnelle-une-ile-la-reunion\/","og_site_name":"www.jardin-kreol.com","article_published_time":"2019-10-10T15:10:11+00:00","article_modified_time":"2022-09-14T10:28:40+00:00","og_image":[{"url":"http:\/\/jardin-kreol.com\/wp-content\/uploads\/2019\/10\/72159227_783708732084261_1885594267619950592_n-1024x1024.jpg"}],"author":"admin7052","twitter_card":"summary_large_image","twitter_misc":{"\u00c9crit par":"admin7052","Dur\u00e9e de lecture estim\u00e9e":"2 minutes"},"schema":{"@context":"https:\/\/schema.org","@graph":[{"@type":"Article","@id":"https:\/\/jardin-kreol.com\/index.php\/2019\/10\/10\/une-nature-exceptionnelle-une-ile-la-reunion\/#article","isPartOf":{"@id":"https:\/\/jardin-kreol.com\/index.php\/2019\/10\/10\/une-nature-exceptionnelle-une-ile-la-reunion\/"},"author":{"name":"admin7052","@id":"https:\/\/jardin-kreol.com\/#\/schema\/person\/486615fe8b2329cb69f4ccb2f7cc8ceb"},"headline":"Une nature exceptionnelle, une \u00eele: la R\u00e9union.","datePublished":"2019-10-10T15:10:11+00:00","dateModified":"2022-09-14T10:28:40+00:00","mainEntityOfPage":{"@id":"https:\/\/jardin-kreol.com\/index.php\/2019\/10\/10\/une-nature-exceptionnelle-une-ile-la-reunion\/"},"wordCount":323,"commentCount":0,"publisher":{"@id":"https:\/\/jardin-kreol.com\/#organization"},"keywords":["\u00eele de la R\u00e9union"],"articleSection":["Vir\u00e9e p\u00e9i 974"],"inLanguage":"fr-FR","potentialAction":[{"@type":"CommentAction","name":"Comment","target":["https:\/\/jardin-kreol.com\/index.php\/2019\/10\/10\/une-nature-exceptionnelle-une-ile-la-reunion\/#respond"]}]},{"@type":"WebPage","@id":"https:\/\/jardin-kreol.com\/index.php\/2019\/10\/10\/une-nature-exceptionnelle-une-ile-la-reunion\/","url":"https:\/\/jardin-kreol.com\/index.php\/2019\/10\/10\/une-nature-exceptionnelle-une-ile-la-reunion\/","name":"Une nature exceptionnelle, une \u00eele: la R\u00e9union. - www.jardin-kreol.com","isPartOf":{"@id":"https:\/\/jardin-kreol.com\/#website"},"datePublished":"2019-10-10T15:10:11+00:00","dateModified":"2022-09-14T10:28:40+00:00","breadcrumb":{"@id":"https:\/\/jardin-kreol.com\/index.php\/2019\/10\/10\/une-nature-exceptionnelle-une-ile-la-reunion\/#breadcrumb"},"inLanguage":"fr-FR","potentialAction":[{"@type":"ReadAction","target":["https:\/\/jardin-kreol.com\/index.php\/2019\/10\/10\/une-nature-exceptionnelle-une-ile-la-reunion\/"]}]},{"@type":"BreadcrumbList","@id":"https:\/\/jardin-kreol.com\/index.php\/2019\/10\/10\/une-nature-exceptionnelle-une-ile-la-reunion\/#breadcrumb","itemListElement":[{"@type":"ListItem","position":1,"name":"Accueil","item":"https:\/\/jardin-kreol.com\/"},{"@type":"ListItem","position":2,"name":"Une nature exceptionnelle, une \u00eele: la R\u00e9union."}]},{"@type":"WebSite","@id":"https:\/\/jardin-kreol.com\/#website","url":"https:\/\/jardin-kreol.com\/","name":"www.jardin-kreol.com","description":"","publisher":{"@id":"https:\/\/jardin-kreol.com\/#organization"},"potentialAction":[{"@type":"SearchAction","target":{"@type":"EntryPoint","urlTemplate":"https:\/\/jardin-kreol.com\/?s={search_term_string}"},"query-input":"required name=search_term_string"}],"inLanguage":"fr-FR"},{"@type":"Organization","@id":"https:\/\/jardin-kreol.com\/#organization","name":"www.jardin-kreol.com","url":"https:\/\/jardin-kreol.com\/","logo":{"@type":"ImageObject","inLanguage":"fr-FR","@id":"https:\/\/jardin-kreol.com\/#\/schema\/logo\/image\/","url":"https:\/\/jardin-kreol.com\/wp-content\/uploads\/2020\/07\/cropped-received_504685100322529.jpeg","contentUrl":"https:\/\/jardin-kreol.com\/wp-content\/uploads\/2020\/07\/cropped-received_504685100322529.jpeg","width":250,"height":250,"caption":"www.jardin-kreol.com"},"image":{"@id":"https:\/\/jardin-kreol.com\/#\/schema\/logo\/image\/"}},{"@type":"Person","@id":"https:\/\/jardin-kreol.com\/#\/schema\/person\/486615fe8b2329cb69f4ccb2f7cc8ceb","name":"admin7052","image":{"@type":"ImageObject","inLanguage":"fr-FR","@id":"https:\/\/jardin-kreol.com\/#\/schema\/person\/image\/","url":"https:\/\/secure.gravatar.com\/avatar\/51a9556fda92d2b25d4069b3a2460d40?s=96&d=mm&r=g","contentUrl":"https:\/\/secure.gravatar.com\/avatar\/51a9556fda92d2b25d4069b3a2460d40?s=96&d=mm&r=g","caption":"admin7052"},"url":"https:\/\/jardin-kreol.com\/index.php\/author\/admin7052\/"}]}},"_links":{"self":[{"href":"https:\/\/jardin-kreol.com\/index.php\/wp-json\/wp\/v2\/posts\/1120"}],"collection":[{"href":"https:\/\/jardin-kreol.com\/index.php\/wp-json\/wp\/v2\/posts"}],"about":[{"href":"https:\/\/jardin-kreol.com\/index.php\/wp-json\/wp\/v2\/types\/post"}],"author":[{"embeddable":true,"href":"https:\/\/jardin-kreol.com\/index.php\/wp-json\/wp\/v2\/users\/1"}],"replies":[{"embeddable":true,"href":"https:\/\/jardin-kreol.com\/index.php\/wp-json\/wp\/v2\/comments?post=1120"}],"version-history":[{"count":4,"href":"https:\/\/jardin-kreol.com\/index.php\/wp-json\/wp\/v2\/posts\/1120\/revisions"}],"predecessor-version":[{"id":1870,"href":"https:\/\/jardin-kreol.com\/index.php\/wp-json\/wp\/v2\/posts\/1120\/revisions\/1870"}],"wp:attachment":[{"href":"https:\/\/jardin-kreol.com\/index.php\/wp-json\/wp\/v2\/media?parent=1120"}],"wp:term":[{"taxonomy":"category","embeddable":true,"href":"https:\/\/jardin-kreol.com\/index.php\/wp-json\/wp\/v2\/categories?post=1120"},{"taxonomy":"post_tag","embeddable":true,"href":"https:\/\/jardin-kreol.com\/index.php\/wp-json\/wp\/v2\/tags?post=1120"}],"curies":[{"name":"wp","href":"https:\/\/api.w.org\/{rel}","templated":true}]}}