{"id":1115,"date":"2019-10-05T21:24:33","date_gmt":"2019-10-05T19:24:33","guid":{"rendered":"http:\/\/jardin-kreol.com\/?p=1115"},"modified":"2022-09-14T12:28:53","modified_gmt":"2022-09-14T10:28:53","slug":"l-hermitage-plage-de-mon-ile-la-reunion","status":"publish","type":"post","link":"https:\/\/jardin-kreol.com\/index.php\/2019\/10\/05\/l-hermitage-plage-de-mon-ile-la-reunion\/","title":{"rendered":"L&rsquo; Hermitage plage de mon \u00eele la R\u00e9union."},"content":{"rendered":"\n<p> Aujourd&rsquo;hui juste pour le plaisir des yeux une balade color\u00e9e. Sur la plage ensoleill\u00e9e , coquillages et crustac\u00e9s&#8230;.Allons bat kar\u00e9 \u00e0 l&rsquo;Hermitage. <\/p>\n\n\n\n<p>L&rsquo; Hermitage, une longue plage sur la c\u00f4te ouest de mon \u00eele,  \u00e0 Saint Gilles. Une escapade loin de la ville.  <\/p>\n\n\n\n<p>Pour savourer des moments tranquilles , sur le sable chaud, ou \u00e0 l&rsquo;ombre des filaos. En sirotant un ptit punch coco.<\/p>\n\n\n\n<p>Pour admirer au fond de l&rsquo;eau , une faune marine divine.<\/p>\n\n\n\n<p>Pour contempler un coucher de soleil majestueux, en solo ou en amoureux. <\/p>\n\n\n\n<figure class=\"wp-block-image\"><img decoding=\"async\" loading=\"lazy\" width=\"768\" height=\"1024\" src=\"https:\/\/jardin-kreol.com\/wp-content\/uploads\/2019\/10\/70410098_1588768704593917_2225370500501078016_n-768x1024.jpg\" alt=\"\" class=\"wp-image-1116\" srcset=\"https:\/\/jardin-kreol.com\/wp-content\/uploads\/2019\/10\/70410098_1588768704593917_2225370500501078016_n-768x1024.jpg 768w, https:\/\/jardin-kreol.com\/wp-content\/uploads\/2019\/10\/70410098_1588768704593917_2225370500501078016_n-225x300.jpg 225w, https:\/\/jardin-kreol.com\/wp-content\/uploads\/2019\/10\/70410098_1588768704593917_2225370500501078016_n.jpg 1296w\" sizes=\"(max-width: 767px) 89vw, (max-width: 1000px) 54vw, (max-width: 1071px) 543px, 580px\" \/><\/figure>\n\n\n\n<p>L&rsquo;Hermitage  une des plus belles plages de mon \u00eele . Un lieu exceptionnel . Qui vaut bien un d\u00e9tour. Son lagon est class\u00e9  r\u00e9serve naturelle. Tr\u00e8s fr\u00e9quent\u00e9 le weekend . Un site incontournable pour le pique-nique . <\/p>\n\n\n\n<figure class=\"wp-block-image\"><img decoding=\"async\" loading=\"lazy\" width=\"768\" height=\"1024\" src=\"https:\/\/jardin-kreol.com\/wp-content\/uploads\/2019\/10\/69536533_654068615090232_4636549051527987200_n-768x1024.jpg\" alt=\"\" class=\"wp-image-1117\" srcset=\"https:\/\/jardin-kreol.com\/wp-content\/uploads\/2019\/10\/69536533_654068615090232_4636549051527987200_n-768x1024.jpg 768w, https:\/\/jardin-kreol.com\/wp-content\/uploads\/2019\/10\/69536533_654068615090232_4636549051527987200_n-225x300.jpg 225w, https:\/\/jardin-kreol.com\/wp-content\/uploads\/2019\/10\/69536533_654068615090232_4636549051527987200_n.jpg 1296w\" sizes=\"(max-width: 767px) 89vw, (max-width: 1000px) 54vw, (max-width: 1071px) 543px, 580px\" \/><\/figure>\n<div class='watch-action'><div class='watch-position align-left'><div class='action-like'><a class='lbg-style1 like-1115 jlk' href='javascript:void(0)' data-task='like' data-post_id='1115' data-nonce='16f53b86fe' rel='nofollow'><img class='wti-pixel' src='https:\/\/jardin-kreol.com\/wp-content\/plugins\/wti-like-post\/images\/pixel.gif' title='comme' \/><span class='lc-1115 lc'>+7<\/span><\/a><\/div><div class='action-unlike'><a class='unlbg-style1 unlike-1115 jlk' href='javascript:void(0)' data-task='unlike' data-post_id='1115' data-nonce='16f53b86fe' rel='nofollow'><img class='wti-pixel' src='https:\/\/jardin-kreol.com\/wp-content\/plugins\/wti-like-post\/images\/pixel.gif' title='contrairement \u00e0' \/><span class='unlc-1115 unlc'>0<\/span><\/a><\/div> <\/div> <div class='status-1115 status align-left'><\/div><\/div><div class='wti-clear'><\/div>","protected":false},"excerpt":{"rendered":"<p>Aujourd&rsquo;hui juste pour le plaisir des yeux une balade color\u00e9e. Sur la plage ensoleill\u00e9e , coquillages et crustac\u00e9s&#8230;.Allons bat kar\u00e9 \u00e0 l&rsquo;Hermitage. L&rsquo; Hermitage, une longue plage sur la c\u00f4te ouest de mon \u00eele, \u00e0 Saint Gilles. Une escapade loin de la ville. Pour savourer des moments tranquilles , sur le sable chaud, ou \u00e0 &hellip; <\/p>\n<p class=\"link-more\"><a href=\"https:\/\/jardin-kreol.com\/index.php\/2019\/10\/05\/l-hermitage-plage-de-mon-ile-la-reunion\/\" class=\"more-link\">Continuer la lecture<span class=\"screen-reader-text\"> de &laquo;&nbsp;L&rsquo; Hermitage plage de mon \u00eele la R\u00e9union.&nbsp;&raquo;<\/span><\/a><\/p>\n","protected":false},"author":1,"featured_media":0,"comment_status":"open","ping_status":"open","sticky":false,"template":"","format":"standard","meta":{"footnotes":""},"categories":[207],"tags":[8],"yoast_head":"<!-- This site is optimized with the Yoast SEO plugin v20.3 - https:\/\/yoast.com\/wordpress\/plugins\/seo\/ -->\n<title>L&#039; Hermitage plage de mon \u00eele la R\u00e9union. - www.jardin-kreol.com<\/title>\n<meta name=\"robots\" content=\"index, follow, max-snippet:-1, max-image-preview:large, max-video-preview:-1\" \/>\n<link rel=\"canonical\" href=\"https:\/\/jardin-kreol.com\/index.php\/2019\/10\/05\/l-hermitage-plage-de-mon-ile-la-reunion\/\" \/>\n<meta property=\"og:locale\" content=\"fr_FR\" \/>\n<meta property=\"og:type\" content=\"article\" \/>\n<meta property=\"og:title\" content=\"L&#039; Hermitage plage de mon \u00eele la R\u00e9union. - www.jardin-kreol.com\" \/>\n<meta property=\"og:description\" content=\"Aujourd&rsquo;hui juste pour le plaisir des yeux une balade color\u00e9e. Sur la plage ensoleill\u00e9e , coquillages et crustac\u00e9s&#8230;.Allons bat kar\u00e9 \u00e0 l&rsquo;Hermitage. L&rsquo; Hermitage, une longue plage sur la c\u00f4te ouest de mon \u00eele, \u00e0 Saint Gilles. Une escapade loin de la ville. Pour savourer des moments tranquilles , sur le sable chaud, ou \u00e0 &hellip; Continuer la lecture de &laquo;&nbsp;L&rsquo; Hermitage plage de mon \u00eele la R\u00e9union.&nbsp;&raquo;\" \/>\n<meta property=\"og:url\" content=\"https:\/\/jardin-kreol.com\/index.php\/2019\/10\/05\/l-hermitage-plage-de-mon-ile-la-reunion\/\" \/>\n<meta property=\"og:site_name\" content=\"www.jardin-kreol.com\" \/>\n<meta property=\"article:published_time\" content=\"2019-10-05T19:24:33+00:00\" \/>\n<meta property=\"article:modified_time\" content=\"2022-09-14T10:28:53+00:00\" \/>\n<meta property=\"og:image\" content=\"http:\/\/jardin-kreol.com\/wp-content\/uploads\/2019\/10\/70410098_1588768704593917_2225370500501078016_n-768x1024.jpg\" \/>\n<meta name=\"author\" content=\"admin7052\" \/>\n<meta name=\"twitter:card\" content=\"summary_large_image\" \/>\n<meta name=\"twitter:label1\" content=\"\u00c9crit par\" \/>\n\t<meta name=\"twitter:data1\" content=\"admin7052\" \/>\n\t<meta name=\"twitter:label2\" content=\"Dur\u00e9e de lecture estim\u00e9e\" \/>\n\t<meta name=\"twitter:data2\" content=\"1 minute\" \/>\n<script type=\"application\/ld+json\" class=\"yoast-schema-graph\">{\"@context\":\"https:\/\/schema.org\",\"@graph\":[{\"@type\":\"Article\",\"@id\":\"https:\/\/jardin-kreol.com\/index.php\/2019\/10\/05\/l-hermitage-plage-de-mon-ile-la-reunion\/#article\",\"isPartOf\":{\"@id\":\"https:\/\/jardin-kreol.com\/index.php\/2019\/10\/05\/l-hermitage-plage-de-mon-ile-la-reunion\/\"},\"author\":{\"name\":\"admin7052\",\"@id\":\"https:\/\/jardin-kreol.com\/#\/schema\/person\/486615fe8b2329cb69f4ccb2f7cc8ceb\"},\"headline\":\"L&rsquo; Hermitage plage de mon \u00eele la R\u00e9union.\",\"datePublished\":\"2019-10-05T19:24:33+00:00\",\"dateModified\":\"2022-09-14T10:28:53+00:00\",\"mainEntityOfPage\":{\"@id\":\"https:\/\/jardin-kreol.com\/index.php\/2019\/10\/05\/l-hermitage-plage-de-mon-ile-la-reunion\/\"},\"wordCount\":132,\"commentCount\":0,\"publisher\":{\"@id\":\"https:\/\/jardin-kreol.com\/#organization\"},\"keywords\":[\"\u00eele de la R\u00e9union\"],\"articleSection\":[\"Vir\u00e9e p\u00e9i 974\"],\"inLanguage\":\"fr-FR\",\"potentialAction\":[{\"@type\":\"CommentAction\",\"name\":\"Comment\",\"target\":[\"https:\/\/jardin-kreol.com\/index.php\/2019\/10\/05\/l-hermitage-plage-de-mon-ile-la-reunion\/#respond\"]}]},{\"@type\":\"WebPage\",\"@id\":\"https:\/\/jardin-kreol.com\/index.php\/2019\/10\/05\/l-hermitage-plage-de-mon-ile-la-reunion\/\",\"url\":\"https:\/\/jardin-kreol.com\/index.php\/2019\/10\/05\/l-hermitage-plage-de-mon-ile-la-reunion\/\",\"name\":\"L' Hermitage plage de mon \u00eele la R\u00e9union. - www.jardin-kreol.com\",\"isPartOf\":{\"@id\":\"https:\/\/jardin-kreol.com\/#website\"},\"datePublished\":\"2019-10-05T19:24:33+00:00\",\"dateModified\":\"2022-09-14T10:28:53+00:00\",\"breadcrumb\":{\"@id\":\"https:\/\/jardin-kreol.com\/index.php\/2019\/10\/05\/l-hermitage-plage-de-mon-ile-la-reunion\/#breadcrumb\"},\"inLanguage\":\"fr-FR\",\"potentialAction\":[{\"@type\":\"ReadAction\",\"target\":[\"https:\/\/jardin-kreol.com\/index.php\/2019\/10\/05\/l-hermitage-plage-de-mon-ile-la-reunion\/\"]}]},{\"@type\":\"BreadcrumbList\",\"@id\":\"https:\/\/jardin-kreol.com\/index.php\/2019\/10\/05\/l-hermitage-plage-de-mon-ile-la-reunion\/#breadcrumb\",\"itemListElement\":[{\"@type\":\"ListItem\",\"position\":1,\"name\":\"Accueil\",\"item\":\"https:\/\/jardin-kreol.com\/\"},{\"@type\":\"ListItem\",\"position\":2,\"name\":\"L&rsquo; Hermitage plage de mon \u00eele la R\u00e9union.\"}]},{\"@type\":\"WebSite\",\"@id\":\"https:\/\/jardin-kreol.com\/#website\",\"url\":\"https:\/\/jardin-kreol.com\/\",\"name\":\"www.jardin-kreol.com\",\"description\":\"\",\"publisher\":{\"@id\":\"https:\/\/jardin-kreol.com\/#organization\"},\"potentialAction\":[{\"@type\":\"SearchAction\",\"target\":{\"@type\":\"EntryPoint\",\"urlTemplate\":\"https:\/\/jardin-kreol.com\/?s={search_term_string}\"},\"query-input\":\"required name=search_term_string\"}],\"inLanguage\":\"fr-FR\"},{\"@type\":\"Organization\",\"@id\":\"https:\/\/jardin-kreol.com\/#organization\",\"name\":\"www.jardin-kreol.com\",\"url\":\"https:\/\/jardin-kreol.com\/\",\"logo\":{\"@type\":\"ImageObject\",\"inLanguage\":\"fr-FR\",\"@id\":\"https:\/\/jardin-kreol.com\/#\/schema\/logo\/image\/\",\"url\":\"https:\/\/jardin-kreol.com\/wp-content\/uploads\/2020\/07\/cropped-received_504685100322529.jpeg\",\"contentUrl\":\"https:\/\/jardin-kreol.com\/wp-content\/uploads\/2020\/07\/cropped-received_504685100322529.jpeg\",\"width\":250,\"height\":250,\"caption\":\"www.jardin-kreol.com\"},\"image\":{\"@id\":\"https:\/\/jardin-kreol.com\/#\/schema\/logo\/image\/\"}},{\"@type\":\"Person\",\"@id\":\"https:\/\/jardin-kreol.com\/#\/schema\/person\/486615fe8b2329cb69f4ccb2f7cc8ceb\",\"name\":\"admin7052\",\"image\":{\"@type\":\"ImageObject\",\"inLanguage\":\"fr-FR\",\"@id\":\"https:\/\/jardin-kreol.com\/#\/schema\/person\/image\/\",\"url\":\"https:\/\/secure.gravatar.com\/avatar\/51a9556fda92d2b25d4069b3a2460d40?s=96&d=mm&r=g\",\"contentUrl\":\"https:\/\/secure.gravatar.com\/avatar\/51a9556fda92d2b25d4069b3a2460d40?s=96&d=mm&r=g\",\"caption\":\"admin7052\"},\"url\":\"https:\/\/jardin-kreol.com\/index.php\/author\/admin7052\/\"}]}<\/script>\n<!-- \/ Yoast SEO plugin. -->","yoast_head_json":{"title":"L' Hermitage plage de mon \u00eele la R\u00e9union. - www.jardin-kreol.com","robots":{"index":"index","follow":"follow","max-snippet":"max-snippet:-1","max-image-preview":"max-image-preview:large","max-video-preview":"max-video-preview:-1"},"canonical":"https:\/\/jardin-kreol.com\/index.php\/2019\/10\/05\/l-hermitage-plage-de-mon-ile-la-reunion\/","og_locale":"fr_FR","og_type":"article","og_title":"L' Hermitage plage de mon \u00eele la R\u00e9union. - www.jardin-kreol.com","og_description":"Aujourd&rsquo;hui juste pour le plaisir des yeux une balade color\u00e9e. Sur la plage ensoleill\u00e9e , coquillages et crustac\u00e9s&#8230;.Allons bat kar\u00e9 \u00e0 l&rsquo;Hermitage. L&rsquo; Hermitage, une longue plage sur la c\u00f4te ouest de mon \u00eele, \u00e0 Saint Gilles. Une escapade loin de la ville. Pour savourer des moments tranquilles , sur le sable chaud, ou \u00e0 &hellip; Continuer la lecture de &laquo;&nbsp;L&rsquo; Hermitage plage de mon \u00eele la R\u00e9union.&nbsp;&raquo;","og_url":"https:\/\/jardin-kreol.com\/index.php\/2019\/10\/05\/l-hermitage-plage-de-mon-ile-la-reunion\/","og_site_name":"www.jardin-kreol.com","article_published_time":"2019-10-05T19:24:33+00:00","article_modified_time":"2022-09-14T10:28:53+00:00","og_image":[{"url":"http:\/\/jardin-kreol.com\/wp-content\/uploads\/2019\/10\/70410098_1588768704593917_2225370500501078016_n-768x1024.jpg"}],"author":"admin7052","twitter_card":"summary_large_image","twitter_misc":{"\u00c9crit par":"admin7052","Dur\u00e9e de lecture estim\u00e9e":"1 minute"},"schema":{"@context":"https:\/\/schema.org","@graph":[{"@type":"Article","@id":"https:\/\/jardin-kreol.com\/index.php\/2019\/10\/05\/l-hermitage-plage-de-mon-ile-la-reunion\/#article","isPartOf":{"@id":"https:\/\/jardin-kreol.com\/index.php\/2019\/10\/05\/l-hermitage-plage-de-mon-ile-la-reunion\/"},"author":{"name":"admin7052","@id":"https:\/\/jardin-kreol.com\/#\/schema\/person\/486615fe8b2329cb69f4ccb2f7cc8ceb"},"headline":"L&rsquo; Hermitage plage de mon \u00eele la R\u00e9union.","datePublished":"2019-10-05T19:24:33+00:00","dateModified":"2022-09-14T10:28:53+00:00","mainEntityOfPage":{"@id":"https:\/\/jardin-kreol.com\/index.php\/2019\/10\/05\/l-hermitage-plage-de-mon-ile-la-reunion\/"},"wordCount":132,"commentCount":0,"publisher":{"@id":"https:\/\/jardin-kreol.com\/#organization"},"keywords":["\u00eele de la R\u00e9union"],"articleSection":["Vir\u00e9e p\u00e9i 974"],"inLanguage":"fr-FR","potentialAction":[{"@type":"CommentAction","name":"Comment","target":["https:\/\/jardin-kreol.com\/index.php\/2019\/10\/05\/l-hermitage-plage-de-mon-ile-la-reunion\/#respond"]}]},{"@type":"WebPage","@id":"https:\/\/jardin-kreol.com\/index.php\/2019\/10\/05\/l-hermitage-plage-de-mon-ile-la-reunion\/","url":"https:\/\/jardin-kreol.com\/index.php\/2019\/10\/05\/l-hermitage-plage-de-mon-ile-la-reunion\/","name":"L' Hermitage plage de mon \u00eele la R\u00e9union. - www.jardin-kreol.com","isPartOf":{"@id":"https:\/\/jardin-kreol.com\/#website"},"datePublished":"2019-10-05T19:24:33+00:00","dateModified":"2022-09-14T10:28:53+00:00","breadcrumb":{"@id":"https:\/\/jardin-kreol.com\/index.php\/2019\/10\/05\/l-hermitage-plage-de-mon-ile-la-reunion\/#breadcrumb"},"inLanguage":"fr-FR","potentialAction":[{"@type":"ReadAction","target":["https:\/\/jardin-kreol.com\/index.php\/2019\/10\/05\/l-hermitage-plage-de-mon-ile-la-reunion\/"]}]},{"@type":"BreadcrumbList","@id":"https:\/\/jardin-kreol.com\/index.php\/2019\/10\/05\/l-hermitage-plage-de-mon-ile-la-reunion\/#breadcrumb","itemListElement":[{"@type":"ListItem","position":1,"name":"Accueil","item":"https:\/\/jardin-kreol.com\/"},{"@type":"ListItem","position":2,"name":"L&rsquo; Hermitage plage de mon \u00eele la R\u00e9union."}]},{"@type":"WebSite","@id":"https:\/\/jardin-kreol.com\/#website","url":"https:\/\/jardin-kreol.com\/","name":"www.jardin-kreol.com","description":"","publisher":{"@id":"https:\/\/jardin-kreol.com\/#organization"},"potentialAction":[{"@type":"SearchAction","target":{"@type":"EntryPoint","urlTemplate":"https:\/\/jardin-kreol.com\/?s={search_term_string}"},"query-input":"required name=search_term_string"}],"inLanguage":"fr-FR"},{"@type":"Organization","@id":"https:\/\/jardin-kreol.com\/#organization","name":"www.jardin-kreol.com","url":"https:\/\/jardin-kreol.com\/","logo":{"@type":"ImageObject","inLanguage":"fr-FR","@id":"https:\/\/jardin-kreol.com\/#\/schema\/logo\/image\/","url":"https:\/\/jardin-kreol.com\/wp-content\/uploads\/2020\/07\/cropped-received_504685100322529.jpeg","contentUrl":"https:\/\/jardin-kreol.com\/wp-content\/uploads\/2020\/07\/cropped-received_504685100322529.jpeg","width":250,"height":250,"caption":"www.jardin-kreol.com"},"image":{"@id":"https:\/\/jardin-kreol.com\/#\/schema\/logo\/image\/"}},{"@type":"Person","@id":"https:\/\/jardin-kreol.com\/#\/schema\/person\/486615fe8b2329cb69f4ccb2f7cc8ceb","name":"admin7052","image":{"@type":"ImageObject","inLanguage":"fr-FR","@id":"https:\/\/jardin-kreol.com\/#\/schema\/person\/image\/","url":"https:\/\/secure.gravatar.com\/avatar\/51a9556fda92d2b25d4069b3a2460d40?s=96&d=mm&r=g","contentUrl":"https:\/\/secure.gravatar.com\/avatar\/51a9556fda92d2b25d4069b3a2460d40?s=96&d=mm&r=g","caption":"admin7052"},"url":"https:\/\/jardin-kreol.com\/index.php\/author\/admin7052\/"}]}},"_links":{"self":[{"href":"https:\/\/jardin-kreol.com\/index.php\/wp-json\/wp\/v2\/posts\/1115"}],"collection":[{"href":"https:\/\/jardin-kreol.com\/index.php\/wp-json\/wp\/v2\/posts"}],"about":[{"href":"https:\/\/jardin-kreol.com\/index.php\/wp-json\/wp\/v2\/types\/post"}],"author":[{"embeddable":true,"href":"https:\/\/jardin-kreol.com\/index.php\/wp-json\/wp\/v2\/users\/1"}],"replies":[{"embeddable":true,"href":"https:\/\/jardin-kreol.com\/index.php\/wp-json\/wp\/v2\/comments?post=1115"}],"version-history":[{"count":3,"href":"https:\/\/jardin-kreol.com\/index.php\/wp-json\/wp\/v2\/posts\/1115\/revisions"}],"predecessor-version":[{"id":1871,"href":"https:\/\/jardin-kreol.com\/index.php\/wp-json\/wp\/v2\/posts\/1115\/revisions\/1871"}],"wp:attachment":[{"href":"https:\/\/jardin-kreol.com\/index.php\/wp-json\/wp\/v2\/media?parent=1115"}],"wp:term":[{"taxonomy":"category","embeddable":true,"href":"https:\/\/jardin-kreol.com\/index.php\/wp-json\/wp\/v2\/categories?post=1115"},{"taxonomy":"post_tag","embeddable":true,"href":"https:\/\/jardin-kreol.com\/index.php\/wp-json\/wp\/v2\/tags?post=1115"}],"curies":[{"name":"wp","href":"https:\/\/api.w.org\/{rel}","templated":true}]}}