{"id":1054,"date":"2019-06-28T20:18:45","date_gmt":"2019-06-28T18:18:45","guid":{"rendered":"http:\/\/jardin-kreol.com\/?p=1054"},"modified":"2022-09-14T12:56:07","modified_gmt":"2022-09-14T10:56:07","slug":"ecorces-de-pamplemousse-confites-de-la-reunion","status":"publish","type":"post","link":"https:\/\/jardin-kreol.com\/index.php\/2019\/06\/28\/ecorces-de-pamplemousse-confites-de-la-reunion\/","title":{"rendered":"Ecorces de pamplemousse confites de la R\u00e9union."},"content":{"rendered":"\n<p>Bonjour zot tout.<\/p>\n\n\n\n<p>Comme une envie de parfum d&rsquo;enfance , tout vanill\u00e9. Une recette succulente de mon \u00eele que je vous offre : \u00e9corces confites de pamplemousse.<\/p>\n\n\n\n<p>Dans la cour de mes grands parents , il y avait un magnifique pied de pamplemousse \u00a0\u00bb pamplemoussier \u00a0\u00bb (  pamplemousse chinois ).  Cet agrume peut mesurer entre 10 et 30 centim\u00e8tres. Tr\u00e8s impressionnant. Autrefois je me r\u00e9galais \u00e0 le d\u00e9guster nature , fra\u00eechement cueilli.  Il est d&rsquo;autant plus excellent en confiture de m\u00eame que ces \u00e9corces confites. <\/p>\n\n\n\n<p>Voici une recette gourmande d&rsquo;\u00e9corces confites de pamplemousse . <\/p>\n\n\n\n<p>Ingr\u00e9dients : Les \u00e9corces de 3 pamplemousses,  1 kg de sucre environ, 1 gousse de vanille,  1 sachet de sucre vanill\u00e9 ,   ( 1\/2 litre )  d&rsquo;eau, du gros sel . <\/p>\n\n\n\n<p>Pr\u00e9paration :  <\/p>\n\n\n\n<p>Grattez la peau des pamplemousses . D\u00e9coupez des grosses tranches . Otez la chair (  pour avoir  juste la partie spongieuse ).  Mettez les dans de l&rsquo;eau et du gros sel . Laissez ainsi  mac\u00e9rer toute une nuit. <\/p>\n\n\n\n<p>Le lendemain jetez l&rsquo;eau et rincez les tranches. Puis pour enlever l&rsquo;amertume on va les blanchir . Dans de l&rsquo;eau portez  le tout \u00e0 \u00e9bullition pendant 5 minutes. jetez l&rsquo;eau et rincez. Renouvelez cette op\u00e9ration encore une autre fois . Ensuite essorez bien  les tranches des pamplemousses.  Dans une marmite mettre les tranches  , le sucre , la gousse de vanille fendue  , le sucre vanill\u00e9 , couvrir d&rsquo;eau.  Et laissez cuire \u00e0 feu doux environ 1 heure ou plus  si besoin , tout en surveillant la cuisson.. La confiture est pr\u00eate quand les \u00e9corces ont une belle couleur ambr\u00e9e.  Retirez  alors les tranches du sirop, placez sur une grille . Parsemez de sucre selon votre go\u00fbt. On peut aussi les faire s\u00e9chez au soleil &#8230; Bonne d\u00e9gustation . <\/p>\n\n\n\n<figure class=\"wp-block-image\"><img decoding=\"async\" loading=\"lazy\" width=\"762\" height=\"1024\" src=\"https:\/\/jardin-kreol.com\/wp-content\/uploads\/2019\/06\/65079894_665306777224854_5683468216353947648_n-762x1024.jpg\" alt=\"\" class=\"wp-image-1061\" srcset=\"https:\/\/jardin-kreol.com\/wp-content\/uploads\/2019\/06\/65079894_665306777224854_5683468216353947648_n-762x1024.jpg 762w, https:\/\/jardin-kreol.com\/wp-content\/uploads\/2019\/06\/65079894_665306777224854_5683468216353947648_n-223x300.jpg 223w, https:\/\/jardin-kreol.com\/wp-content\/uploads\/2019\/06\/65079894_665306777224854_5683468216353947648_n-768x1033.jpg 768w, https:\/\/jardin-kreol.com\/wp-content\/uploads\/2019\/06\/65079894_665306777224854_5683468216353947648_n.jpg 1312w\" sizes=\"(max-width: 706px) 89vw, (max-width: 767px) 82vw, 740px\" \/><\/figure>\n\n\n\n<figure class=\"wp-block-image\"><img decoding=\"async\" loading=\"lazy\" width=\"762\" height=\"1024\" src=\"https:\/\/jardin-kreol.com\/wp-content\/uploads\/2019\/06\/65498439_490883968412340_7259697312492945408_n-762x1024.jpg\" alt=\"\" class=\"wp-image-1062\" srcset=\"https:\/\/jardin-kreol.com\/wp-content\/uploads\/2019\/06\/65498439_490883968412340_7259697312492945408_n-762x1024.jpg 762w, https:\/\/jardin-kreol.com\/wp-content\/uploads\/2019\/06\/65498439_490883968412340_7259697312492945408_n-223x300.jpg 223w, https:\/\/jardin-kreol.com\/wp-content\/uploads\/2019\/06\/65498439_490883968412340_7259697312492945408_n-768x1033.jpg 768w, https:\/\/jardin-kreol.com\/wp-content\/uploads\/2019\/06\/65498439_490883968412340_7259697312492945408_n.jpg 1312w\" sizes=\"(max-width: 706px) 89vw, (max-width: 767px) 82vw, 740px\" \/><\/figure>\n\n\n\n<figure class=\"wp-block-image\"><img decoding=\"async\" loading=\"lazy\" width=\"762\" height=\"1024\" src=\"https:\/\/jardin-kreol.com\/wp-content\/uploads\/2019\/06\/65005232_2714768378587574_9185746559973720064_n-762x1024.jpg\" alt=\"\" class=\"wp-image-1063\" srcset=\"https:\/\/jardin-kreol.com\/wp-content\/uploads\/2019\/06\/65005232_2714768378587574_9185746559973720064_n-762x1024.jpg 762w, https:\/\/jardin-kreol.com\/wp-content\/uploads\/2019\/06\/65005232_2714768378587574_9185746559973720064_n-223x300.jpg 223w, https:\/\/jardin-kreol.com\/wp-content\/uploads\/2019\/06\/65005232_2714768378587574_9185746559973720064_n-768x1033.jpg 768w, https:\/\/jardin-kreol.com\/wp-content\/uploads\/2019\/06\/65005232_2714768378587574_9185746559973720064_n.jpg 1312w\" sizes=\"(max-width: 706px) 89vw, (max-width: 767px) 82vw, 740px\" \/><\/figure>\n\n\n\n<figure class=\"wp-block-image\"><img decoding=\"async\" loading=\"lazy\" width=\"762\" height=\"1024\" src=\"https:\/\/jardin-kreol.com\/wp-content\/uploads\/2019\/06\/65228455_448764399236513_216037499233894400_n-762x1024.jpg\" alt=\"\" class=\"wp-image-1064\" srcset=\"https:\/\/jardin-kreol.com\/wp-content\/uploads\/2019\/06\/65228455_448764399236513_216037499233894400_n-762x1024.jpg 762w, https:\/\/jardin-kreol.com\/wp-content\/uploads\/2019\/06\/65228455_448764399236513_216037499233894400_n-223x300.jpg 223w, https:\/\/jardin-kreol.com\/wp-content\/uploads\/2019\/06\/65228455_448764399236513_216037499233894400_n-768x1033.jpg 768w, https:\/\/jardin-kreol.com\/wp-content\/uploads\/2019\/06\/65228455_448764399236513_216037499233894400_n.jpg 1312w\" sizes=\"(max-width: 706px) 89vw, (max-width: 767px) 82vw, 740px\" \/><\/figure>\n\n\n\n<p>Une vid\u00e9o que j&rsquo;ai pris sur you tube ou vous pourrez d\u00e9couvrir la recette de confits. <\/p>\n\n\n\n<figure class=\"wp-block-embed-youtube wp-block-embed is-type-video is-provider-youtube wp-embed-aspect-16-9 wp-has-aspect-ratio\"><div class=\"wp-block-embed__wrapper\">\n<iframe loading=\"lazy\" title=\"CONFITURE DE PAMPLEMOUSSE   ILE DE LA REUNION\" width=\"525\" height=\"295\" src=\"https:\/\/www.youtube.com\/embed\/BL3WOLI3Cx4?feature=oembed\" frameborder=\"0\" allow=\"accelerometer; autoplay; encrypted-media; gyroscope; picture-in-picture\" allowfullscreen><\/iframe>\n<\/div><\/figure>\n<div class='watch-action'><div class='watch-position align-left'><div class='action-like'><a class='lbg-style1 like-1054 jlk' href='javascript:void(0)' data-task='like' data-post_id='1054' data-nonce='16f53b86fe' rel='nofollow'><img class='wti-pixel' src='https:\/\/jardin-kreol.com\/wp-content\/plugins\/wti-like-post\/images\/pixel.gif' title='comme' \/><span class='lc-1054 lc'>+4<\/span><\/a><\/div><div class='action-unlike'><a class='unlbg-style1 unlike-1054 jlk' href='javascript:void(0)' data-task='unlike' data-post_id='1054' data-nonce='16f53b86fe' rel='nofollow'><img class='wti-pixel' src='https:\/\/jardin-kreol.com\/wp-content\/plugins\/wti-like-post\/images\/pixel.gif' title='contrairement \u00e0' \/><span class='unlc-1054 unlc'>-1<\/span><\/a><\/div> <\/div> <div class='status-1054 status align-left'><\/div><\/div><div class='wti-clear'><\/div>","protected":false},"excerpt":{"rendered":"<p>Bonjour zot tout. Comme une envie de parfum d&rsquo;enfance , tout vanill\u00e9. Une recette succulente de mon \u00eele que je vous offre : \u00e9corces confites de pamplemousse. Dans la cour de mes grands parents , il y avait un magnifique pied de pamplemousse \u00a0\u00bb pamplemoussier \u00a0\u00bb ( pamplemousse chinois ). Cet agrume peut mesurer entre &hellip; <\/p>\n<p class=\"link-more\"><a href=\"https:\/\/jardin-kreol.com\/index.php\/2019\/06\/28\/ecorces-de-pamplemousse-confites-de-la-reunion\/\" class=\"more-link\">Continuer la lecture<span class=\"screen-reader-text\"> de &laquo;&nbsp;Ecorces de pamplemousse confites de la R\u00e9union.&nbsp;&raquo;<\/span><\/a><\/p>\n","protected":false},"author":1,"featured_media":0,"comment_status":"open","ping_status":"open","sticky":false,"template":"","format":"standard","meta":{"footnotes":""},"categories":[4],"tags":[245],"yoast_head":"<!-- This site is optimized with the Yoast SEO plugin v20.3 - https:\/\/yoast.com\/wordpress\/plugins\/seo\/ -->\n<title>Ecorces de pamplemousse confites de la R\u00e9union. - www.jardin-kreol.com<\/title>\n<meta name=\"description\" content=\"recette savoureuse et gouteuse saveur gourmande de l&#039;ile de la r\u00e9union \u00e9corces confites de pamplemousse parfum\u00e9e a la vanille\" \/>\n<meta name=\"robots\" content=\"index, follow, max-snippet:-1, max-image-preview:large, max-video-preview:-1\" \/>\n<link rel=\"canonical\" href=\"https:\/\/jardin-kreol.com\/index.php\/2019\/06\/28\/ecorces-de-pamplemousse-confites-de-la-reunion\/\" \/>\n<meta property=\"og:locale\" content=\"fr_FR\" \/>\n<meta property=\"og:type\" content=\"article\" \/>\n<meta property=\"og:title\" content=\"Ecorces de pamplemousse confites de la R\u00e9union. - www.jardin-kreol.com\" \/>\n<meta property=\"og:description\" content=\"recette savoureuse et gouteuse saveur gourmande de l&#039;ile de la r\u00e9union \u00e9corces confites de pamplemousse parfum\u00e9e a la vanille\" \/>\n<meta property=\"og:url\" content=\"https:\/\/jardin-kreol.com\/index.php\/2019\/06\/28\/ecorces-de-pamplemousse-confites-de-la-reunion\/\" \/>\n<meta property=\"og:site_name\" content=\"www.jardin-kreol.com\" \/>\n<meta property=\"article:published_time\" content=\"2019-06-28T18:18:45+00:00\" \/>\n<meta property=\"article:modified_time\" content=\"2022-09-14T10:56:07+00:00\" \/>\n<meta property=\"og:image\" content=\"https:\/\/jardin-kreol.com\/wp-content\/uploads\/2019\/06\/65079894_665306777224854_5683468216353947648_n-762x1024.jpg\" \/>\n<meta name=\"author\" content=\"admin7052\" \/>\n<meta name=\"twitter:card\" content=\"summary_large_image\" \/>\n<meta name=\"twitter:label1\" content=\"\u00c9crit par\" \/>\n\t<meta name=\"twitter:data1\" content=\"admin7052\" \/>\n\t<meta name=\"twitter:label2\" content=\"Dur\u00e9e de lecture estim\u00e9e\" \/>\n\t<meta name=\"twitter:data2\" content=\"1 minute\" \/>\n<script type=\"application\/ld+json\" class=\"yoast-schema-graph\">{\"@context\":\"https:\/\/schema.org\",\"@graph\":[{\"@type\":\"Article\",\"@id\":\"https:\/\/jardin-kreol.com\/index.php\/2019\/06\/28\/ecorces-de-pamplemousse-confites-de-la-reunion\/#article\",\"isPartOf\":{\"@id\":\"https:\/\/jardin-kreol.com\/index.php\/2019\/06\/28\/ecorces-de-pamplemousse-confites-de-la-reunion\/\"},\"author\":{\"name\":\"admin7052\",\"@id\":\"https:\/\/jardin-kreol.com\/#\/schema\/person\/486615fe8b2329cb69f4ccb2f7cc8ceb\"},\"headline\":\"Ecorces de pamplemousse confites de la R\u00e9union.\",\"datePublished\":\"2019-06-28T18:18:45+00:00\",\"dateModified\":\"2022-09-14T10:56:07+00:00\",\"mainEntityOfPage\":{\"@id\":\"https:\/\/jardin-kreol.com\/index.php\/2019\/06\/28\/ecorces-de-pamplemousse-confites-de-la-reunion\/\"},\"wordCount\":301,\"commentCount\":0,\"publisher\":{\"@id\":\"https:\/\/jardin-kreol.com\/#organization\"},\"keywords\":[\"sp\u00e9cialit\u00e9s Reunion\"],\"articleSection\":[\"Recettes\"],\"inLanguage\":\"fr-FR\",\"potentialAction\":[{\"@type\":\"CommentAction\",\"name\":\"Comment\",\"target\":[\"https:\/\/jardin-kreol.com\/index.php\/2019\/06\/28\/ecorces-de-pamplemousse-confites-de-la-reunion\/#respond\"]}]},{\"@type\":\"WebPage\",\"@id\":\"https:\/\/jardin-kreol.com\/index.php\/2019\/06\/28\/ecorces-de-pamplemousse-confites-de-la-reunion\/\",\"url\":\"https:\/\/jardin-kreol.com\/index.php\/2019\/06\/28\/ecorces-de-pamplemousse-confites-de-la-reunion\/\",\"name\":\"Ecorces de pamplemousse confites de la R\u00e9union. - www.jardin-kreol.com\",\"isPartOf\":{\"@id\":\"https:\/\/jardin-kreol.com\/#website\"},\"datePublished\":\"2019-06-28T18:18:45+00:00\",\"dateModified\":\"2022-09-14T10:56:07+00:00\",\"description\":\"recette savoureuse et gouteuse saveur gourmande de l'ile de la r\u00e9union \u00e9corces confites de pamplemousse parfum\u00e9e a la vanille\",\"breadcrumb\":{\"@id\":\"https:\/\/jardin-kreol.com\/index.php\/2019\/06\/28\/ecorces-de-pamplemousse-confites-de-la-reunion\/#breadcrumb\"},\"inLanguage\":\"fr-FR\",\"potentialAction\":[{\"@type\":\"ReadAction\",\"target\":[\"https:\/\/jardin-kreol.com\/index.php\/2019\/06\/28\/ecorces-de-pamplemousse-confites-de-la-reunion\/\"]}]},{\"@type\":\"BreadcrumbList\",\"@id\":\"https:\/\/jardin-kreol.com\/index.php\/2019\/06\/28\/ecorces-de-pamplemousse-confites-de-la-reunion\/#breadcrumb\",\"itemListElement\":[{\"@type\":\"ListItem\",\"position\":1,\"name\":\"Accueil\",\"item\":\"https:\/\/jardin-kreol.com\/\"},{\"@type\":\"ListItem\",\"position\":2,\"name\":\"Ecorces de pamplemousse confites de la R\u00e9union.\"}]},{\"@type\":\"WebSite\",\"@id\":\"https:\/\/jardin-kreol.com\/#website\",\"url\":\"https:\/\/jardin-kreol.com\/\",\"name\":\"www.jardin-kreol.com\",\"description\":\"\",\"publisher\":{\"@id\":\"https:\/\/jardin-kreol.com\/#organization\"},\"potentialAction\":[{\"@type\":\"SearchAction\",\"target\":{\"@type\":\"EntryPoint\",\"urlTemplate\":\"https:\/\/jardin-kreol.com\/?s={search_term_string}\"},\"query-input\":\"required name=search_term_string\"}],\"inLanguage\":\"fr-FR\"},{\"@type\":\"Organization\",\"@id\":\"https:\/\/jardin-kreol.com\/#organization\",\"name\":\"www.jardin-kreol.com\",\"url\":\"https:\/\/jardin-kreol.com\/\",\"logo\":{\"@type\":\"ImageObject\",\"inLanguage\":\"fr-FR\",\"@id\":\"https:\/\/jardin-kreol.com\/#\/schema\/logo\/image\/\",\"url\":\"https:\/\/jardin-kreol.com\/wp-content\/uploads\/2020\/07\/cropped-received_504685100322529.jpeg\",\"contentUrl\":\"https:\/\/jardin-kreol.com\/wp-content\/uploads\/2020\/07\/cropped-received_504685100322529.jpeg\",\"width\":250,\"height\":250,\"caption\":\"www.jardin-kreol.com\"},\"image\":{\"@id\":\"https:\/\/jardin-kreol.com\/#\/schema\/logo\/image\/\"}},{\"@type\":\"Person\",\"@id\":\"https:\/\/jardin-kreol.com\/#\/schema\/person\/486615fe8b2329cb69f4ccb2f7cc8ceb\",\"name\":\"admin7052\",\"image\":{\"@type\":\"ImageObject\",\"inLanguage\":\"fr-FR\",\"@id\":\"https:\/\/jardin-kreol.com\/#\/schema\/person\/image\/\",\"url\":\"https:\/\/secure.gravatar.com\/avatar\/51a9556fda92d2b25d4069b3a2460d40?s=96&d=mm&r=g\",\"contentUrl\":\"https:\/\/secure.gravatar.com\/avatar\/51a9556fda92d2b25d4069b3a2460d40?s=96&d=mm&r=g\",\"caption\":\"admin7052\"},\"url\":\"https:\/\/jardin-kreol.com\/index.php\/author\/admin7052\/\"}]}<\/script>\n<!-- \/ Yoast SEO plugin. -->","yoast_head_json":{"title":"Ecorces de pamplemousse confites de la R\u00e9union. - www.jardin-kreol.com","description":"recette savoureuse et gouteuse saveur gourmande de l'ile de la r\u00e9union \u00e9corces confites de pamplemousse parfum\u00e9e a la vanille","robots":{"index":"index","follow":"follow","max-snippet":"max-snippet:-1","max-image-preview":"max-image-preview:large","max-video-preview":"max-video-preview:-1"},"canonical":"https:\/\/jardin-kreol.com\/index.php\/2019\/06\/28\/ecorces-de-pamplemousse-confites-de-la-reunion\/","og_locale":"fr_FR","og_type":"article","og_title":"Ecorces de pamplemousse confites de la R\u00e9union. - www.jardin-kreol.com","og_description":"recette savoureuse et gouteuse saveur gourmande de l'ile de la r\u00e9union \u00e9corces confites de pamplemousse parfum\u00e9e a la vanille","og_url":"https:\/\/jardin-kreol.com\/index.php\/2019\/06\/28\/ecorces-de-pamplemousse-confites-de-la-reunion\/","og_site_name":"www.jardin-kreol.com","article_published_time":"2019-06-28T18:18:45+00:00","article_modified_time":"2022-09-14T10:56:07+00:00","og_image":[{"url":"https:\/\/jardin-kreol.com\/wp-content\/uploads\/2019\/06\/65079894_665306777224854_5683468216353947648_n-762x1024.jpg"}],"author":"admin7052","twitter_card":"summary_large_image","twitter_misc":{"\u00c9crit par":"admin7052","Dur\u00e9e de lecture estim\u00e9e":"1 minute"},"schema":{"@context":"https:\/\/schema.org","@graph":[{"@type":"Article","@id":"https:\/\/jardin-kreol.com\/index.php\/2019\/06\/28\/ecorces-de-pamplemousse-confites-de-la-reunion\/#article","isPartOf":{"@id":"https:\/\/jardin-kreol.com\/index.php\/2019\/06\/28\/ecorces-de-pamplemousse-confites-de-la-reunion\/"},"author":{"name":"admin7052","@id":"https:\/\/jardin-kreol.com\/#\/schema\/person\/486615fe8b2329cb69f4ccb2f7cc8ceb"},"headline":"Ecorces de pamplemousse confites de la R\u00e9union.","datePublished":"2019-06-28T18:18:45+00:00","dateModified":"2022-09-14T10:56:07+00:00","mainEntityOfPage":{"@id":"https:\/\/jardin-kreol.com\/index.php\/2019\/06\/28\/ecorces-de-pamplemousse-confites-de-la-reunion\/"},"wordCount":301,"commentCount":0,"publisher":{"@id":"https:\/\/jardin-kreol.com\/#organization"},"keywords":["sp\u00e9cialit\u00e9s Reunion"],"articleSection":["Recettes"],"inLanguage":"fr-FR","potentialAction":[{"@type":"CommentAction","name":"Comment","target":["https:\/\/jardin-kreol.com\/index.php\/2019\/06\/28\/ecorces-de-pamplemousse-confites-de-la-reunion\/#respond"]}]},{"@type":"WebPage","@id":"https:\/\/jardin-kreol.com\/index.php\/2019\/06\/28\/ecorces-de-pamplemousse-confites-de-la-reunion\/","url":"https:\/\/jardin-kreol.com\/index.php\/2019\/06\/28\/ecorces-de-pamplemousse-confites-de-la-reunion\/","name":"Ecorces de pamplemousse confites de la R\u00e9union. - www.jardin-kreol.com","isPartOf":{"@id":"https:\/\/jardin-kreol.com\/#website"},"datePublished":"2019-06-28T18:18:45+00:00","dateModified":"2022-09-14T10:56:07+00:00","description":"recette savoureuse et gouteuse saveur gourmande de l'ile de la r\u00e9union \u00e9corces confites de pamplemousse parfum\u00e9e a la vanille","breadcrumb":{"@id":"https:\/\/jardin-kreol.com\/index.php\/2019\/06\/28\/ecorces-de-pamplemousse-confites-de-la-reunion\/#breadcrumb"},"inLanguage":"fr-FR","potentialAction":[{"@type":"ReadAction","target":["https:\/\/jardin-kreol.com\/index.php\/2019\/06\/28\/ecorces-de-pamplemousse-confites-de-la-reunion\/"]}]},{"@type":"BreadcrumbList","@id":"https:\/\/jardin-kreol.com\/index.php\/2019\/06\/28\/ecorces-de-pamplemousse-confites-de-la-reunion\/#breadcrumb","itemListElement":[{"@type":"ListItem","position":1,"name":"Accueil","item":"https:\/\/jardin-kreol.com\/"},{"@type":"ListItem","position":2,"name":"Ecorces de pamplemousse confites de la R\u00e9union."}]},{"@type":"WebSite","@id":"https:\/\/jardin-kreol.com\/#website","url":"https:\/\/jardin-kreol.com\/","name":"www.jardin-kreol.com","description":"","publisher":{"@id":"https:\/\/jardin-kreol.com\/#organization"},"potentialAction":[{"@type":"SearchAction","target":{"@type":"EntryPoint","urlTemplate":"https:\/\/jardin-kreol.com\/?s={search_term_string}"},"query-input":"required name=search_term_string"}],"inLanguage":"fr-FR"},{"@type":"Organization","@id":"https:\/\/jardin-kreol.com\/#organization","name":"www.jardin-kreol.com","url":"https:\/\/jardin-kreol.com\/","logo":{"@type":"ImageObject","inLanguage":"fr-FR","@id":"https:\/\/jardin-kreol.com\/#\/schema\/logo\/image\/","url":"https:\/\/jardin-kreol.com\/wp-content\/uploads\/2020\/07\/cropped-received_504685100322529.jpeg","contentUrl":"https:\/\/jardin-kreol.com\/wp-content\/uploads\/2020\/07\/cropped-received_504685100322529.jpeg","width":250,"height":250,"caption":"www.jardin-kreol.com"},"image":{"@id":"https:\/\/jardin-kreol.com\/#\/schema\/logo\/image\/"}},{"@type":"Person","@id":"https:\/\/jardin-kreol.com\/#\/schema\/person\/486615fe8b2329cb69f4ccb2f7cc8ceb","name":"admin7052","image":{"@type":"ImageObject","inLanguage":"fr-FR","@id":"https:\/\/jardin-kreol.com\/#\/schema\/person\/image\/","url":"https:\/\/secure.gravatar.com\/avatar\/51a9556fda92d2b25d4069b3a2460d40?s=96&d=mm&r=g","contentUrl":"https:\/\/secure.gravatar.com\/avatar\/51a9556fda92d2b25d4069b3a2460d40?s=96&d=mm&r=g","caption":"admin7052"},"url":"https:\/\/jardin-kreol.com\/index.php\/author\/admin7052\/"}]}},"_links":{"self":[{"href":"https:\/\/jardin-kreol.com\/index.php\/wp-json\/wp\/v2\/posts\/1054"}],"collection":[{"href":"https:\/\/jardin-kreol.com\/index.php\/wp-json\/wp\/v2\/posts"}],"about":[{"href":"https:\/\/jardin-kreol.com\/index.php\/wp-json\/wp\/v2\/types\/post"}],"author":[{"embeddable":true,"href":"https:\/\/jardin-kreol.com\/index.php\/wp-json\/wp\/v2\/users\/1"}],"replies":[{"embeddable":true,"href":"https:\/\/jardin-kreol.com\/index.php\/wp-json\/wp\/v2\/comments?post=1054"}],"version-history":[{"count":4,"href":"https:\/\/jardin-kreol.com\/index.php\/wp-json\/wp\/v2\/posts\/1054\/revisions"}],"predecessor-version":[{"id":1065,"href":"https:\/\/jardin-kreol.com\/index.php\/wp-json\/wp\/v2\/posts\/1054\/revisions\/1065"}],"wp:attachment":[{"href":"https:\/\/jardin-kreol.com\/index.php\/wp-json\/wp\/v2\/media?parent=1054"}],"wp:term":[{"taxonomy":"category","embeddable":true,"href":"https:\/\/jardin-kreol.com\/index.php\/wp-json\/wp\/v2\/categories?post=1054"},{"taxonomy":"post_tag","embeddable":true,"href":"https:\/\/jardin-kreol.com\/index.php\/wp-json\/wp\/v2\/tags?post=1054"}],"curies":[{"name":"wp","href":"https:\/\/api.w.org\/{rel}","templated":true}]}}